{"id":85987,"date":"2019-03-15T09:48:56","date_gmt":"2019-03-15T12:48:56","guid":{"rendered":"http:\/\/127.0.0.1\/acs\/camara-setorial-de-instituicoes-de-ensino-da-acs-pretende-atrair-mais-docentes\/"},"modified":"2019-03-15T09:48:56","modified_gmt":"2019-03-15T12:48:56","slug":"camara-setorial-de-instituicoes-de-ensino-da-acs-pretende-atrair-mais-docentes","status":"publish","type":"post","link":"https:\/\/acs.org.br\/academy\/camara-setorial-de-instituicoes-de-ensino-da-acs-pretende-atrair-mais-docentes\/","title":{"rendered":"C\u00e2mara Setorial de Institui\u00e7\u00f5es de Ensino da ACS pretende atrair mais docentes"},"content":{"rendered":"<p><b>FONTE: Departamento de Comunica\u00e7\u00e3o da ACS<\/b><\/p>\n<p><b> <\/b><\/p>\n<p>Atrair mais docentes e a comunidade&nbsp; para mostrar a import\u00e2ncia da C\u00e2mara Setorial de Ensino da Associa\u00e7\u00e3o Comercial de Santos (ACS). Esse foi um dos temas propostos na reuni\u00e3o realizada na manh\u00e3 desta quinta-feira (14).&nbsp;<\/p>\n<p>O assunto partiu da coordenadora da C\u00e2mara, Silvia Teixeira Penteado.&nbsp; Ela ressaltou o quanto \u00e9 necess\u00e1rio envolver os&nbsp; docentes e a sociedade em geral para discutir a import\u00e2ncia das a\u00e7\u00f5es&nbsp; desenvolvidas&nbsp; pela C\u00e2mara. &#8220;Precisamos criar multiplicadores para as propostas que temos implementado\u201d.&nbsp;<\/p>\n<p>Por isso, foi definido que a partir da pr\u00f3xima reuni\u00e3o, que ser\u00e1 realizada em abril, cada representante de Institui\u00e7\u00e3o de Ensino poder\u00e1 levar&nbsp; convidados.<\/p>\n<p>Durante a reuni\u00e3o, tamb\u00e9m foram tra\u00e7ados os pr\u00f3ximos passos para dois eventos que devem ocorrer este ano. O primeiro, marcado para este semestre, \u00e9 o Semin\u00e1rio Rodada da Cidadania&nbsp; Ficou definido que o presidente da Codesp Casemiro Tercio Carvalho ser\u00e1 convidado para ser o palestrante do evento ao lado de painelistas destacados de \u00e1reas de interesse.&nbsp;<\/p>\n<p>De acordo com o diretor-geral da Unibr \u2013 S\u00e3o Vicente, Danilo Nunes, os pr\u00f3ximos passos para a organiza\u00e7\u00e3o do evento passam pela consulta&nbsp; ao convidado e o envolvimento de outras C\u00e2mara da ACS para uma atividade integrada.&nbsp;<\/p>\n<p>O diretor da Unibr lembrou que a professora S\u00edlvia chegou a convidar o ministro da Infraestrutura Tarc\u00edsio Gomes de Freitas, tendo o compromisso do ministro&nbsp; de sua visita em breve&nbsp; a Santos.&nbsp;<\/p>\n<p>Sobre o segundo evento, o Universidade \u2013Empresa, previsto para o segundo semestre, ainda est\u00e3o sendo definidas&nbsp; novas metas porque \u00e9 um evento mais global. Foram criados grupos de trabalho para planejar e realizar, segundo a Coordenadora S\u00edlvia .<\/p>\n<p>Um pr\u00f3ximo encontro da C\u00e2mara est\u00e1 marcado para o dia 4 de abril.<\/p>\n<p><img loading=\"lazy\" decoding=\"async\" class=\" size-full wp-image-85984\" src=\"http:\/\/127.0.0.1\/acs\/wp-content\/uploads\/2019\/03\/WEB_2019_MARCO_ENSINO-W_ENSINO_0015.jpg\" width=\"570\" height=\"418\" srcset=\"https:\/\/acs.org.br\/academy\/wp-content\/uploads\/2019\/03\/WEB_2019_MARCO_ENSINO-W_ENSINO_0015.jpg 570w, https:\/\/acs.org.br\/academy\/wp-content\/uploads\/2019\/03\/WEB_2019_MARCO_ENSINO-W_ENSINO_0015-300x220.jpg 300w\" sizes=\"(max-width: 570px) 100vw, 570px\" \/><\/p>\n<p> <img loading=\"lazy\" decoding=\"async\" class=\" size-full wp-image-85985\" src=\"http:\/\/127.0.0.1\/acs\/wp-content\/uploads\/2019\/03\/WEB_2019_MARCO_ENSINO-W_ENSINO_0013.jpg\" width=\"570\" height=\"442\" srcset=\"https:\/\/acs.org.br\/academy\/wp-content\/uploads\/2019\/03\/WEB_2019_MARCO_ENSINO-W_ENSINO_0013.jpg 570w, https:\/\/acs.org.br\/academy\/wp-content\/uploads\/2019\/03\/WEB_2019_MARCO_ENSINO-W_ENSINO_0013-300x233.jpg 300w\" sizes=\"(max-width: 570px) 100vw, 570px\" \/><\/p>\n<p><img loading=\"lazy\" decoding=\"async\" class=\" size-full wp-image-85986\" src=\"http:\/\/127.0.0.1\/acs\/wp-content\/uploads\/2019\/03\/WEB_2019_MARCO_ENSINO-W_ENSINO_0052.jpg\" width=\"570\" height=\"430\" srcset=\"https:\/\/acs.org.br\/academy\/wp-content\/uploads\/2019\/03\/WEB_2019_MARCO_ENSINO-W_ENSINO_0052.jpg 570w, https:\/\/acs.org.br\/academy\/wp-content\/uploads\/2019\/03\/WEB_2019_MARCO_ENSINO-W_ENSINO_0052-300x226.jpg 300w\" sizes=\"(max-width: 570px) 100vw, 570px\" \/><\/p>\n","protected":false},"excerpt":{"rendered":"<p>FONTE: Departamento de Comunica\u00e7\u00e3o da ACS Atrair mais docentes e a comunidade&nbsp; para mostrar a import\u00e2ncia da C\u00e2mara Setorial de Ensino da Associa\u00e7\u00e3o Comercial de Santos (ACS). Esse foi um dos temas propostos na reuni\u00e3o realizada na manh\u00e3 desta quinta-feira (14).&nbsp; O assunto partiu da coordenadora da C\u00e2mara, Silvia Teixeira Penteado.&nbsp; Ela ressaltou o quanto [&hellip;]<\/p>\n","protected":false},"author":1,"featured_media":85983,"comment_status":"open","ping_status":"open","sticky":false,"template":"","format":"standard","meta":{"footnotes":""},"categories":[84],"tags":[],"_links":{"self":[{"href":"https:\/\/acs.org.br\/academy\/wp-json\/wp\/v2\/posts\/85987"}],"collection":[{"href":"https:\/\/acs.org.br\/academy\/wp-json\/wp\/v2\/posts"}],"about":[{"href":"https:\/\/acs.org.br\/academy\/wp-json\/wp\/v2\/types\/post"}],"author":[{"embeddable":true,"href":"https:\/\/acs.org.br\/academy\/wp-json\/wp\/v2\/users\/1"}],"replies":[{"embeddable":true,"href":"https:\/\/acs.org.br\/academy\/wp-json\/wp\/v2\/comments?post=85987"}],"version-history":[{"count":0,"href":"https:\/\/acs.org.br\/academy\/wp-json\/wp\/v2\/posts\/85987\/revisions"}],"wp:featuredmedia":[{"embeddable":true,"href":"https:\/\/acs.org.br\/academy\/wp-json\/wp\/v2\/media\/85983"}],"wp:attachment":[{"href":"https:\/\/acs.org.br\/academy\/wp-json\/wp\/v2\/media?parent=85987"}],"wp:term":[{"taxonomy":"category","embeddable":true,"href":"https:\/\/acs.org.br\/academy\/wp-json\/wp\/v2\/categories?post=85987"},{"taxonomy":"post_tag","embeddable":true,"href":"https:\/\/acs.org.br\/academy\/wp-json\/wp\/v2\/tags?post=85987"}],"curies":[{"name":"wp","href":"https:\/\/api.w.org\/{rel}","templated":true}]}}