{"id":85965,"date":"2019-03-13T00:00:00","date_gmt":"2019-03-13T03:00:00","guid":{"rendered":"http:\/\/127.0.0.1\/acs\/fotos-codesp\/"},"modified":"2019-03-13T00:00:00","modified_gmt":"2019-03-13T03:00:00","slug":"fotos-codesp","status":"publish","type":"post","link":"https:\/\/acs.org.br\/academy\/fotos-codesp\/","title":{"rendered":"Presidente da Codesp Casemiro T\u00e9rcio visita a sede da Associa\u00e7\u00e3o Comercial de Santos"},"content":{"rendered":"<p>Fonte: Departamento de Comunica\u00e7\u00e3o da ACS<\/p>\n<p>O diretor-presidente da Codesp,&nbsp; Casemiro T\u00e9rcio Carvalho, visitou na manh\u00e3 desta quarta-feira (13), a Associa\u00e7\u00e3o Comercial de Santos, no Centro Hist\u00f3rico.<\/p>\n<\/p>\n<p>&nbsp;Ao chegar \u00e0 sede da ACS, Casemiro foi recebido pelo vice-presidente Vicente do Valle&nbsp; e pelo diretor-executivo Marcio Calves.&nbsp; O objetivo da visita foi estreitar a rela\u00e7\u00e3o entre a &nbsp;Codesp e a ACS, que re\u00fane em seu quadro associativo os principais players do Porto de Santos.<\/p>\n<p>Durante o encontro, o presidente da Codesp abordou as principais metas de sua diretoria, com destaque para realiza\u00e7\u00e3o de uma gest\u00e3o profissional, de modo a garantir competitividade, desenvolvimento e transpar\u00eancia.<\/p>\n<p>Anunciou, por exemplo, o projeto de realizar novos arrendamentos ainda no primeiro semestre.<\/p>\n<p>Vicente do Valle, por sua vez, abordou v\u00e1rios aspectos envolvendo os anseios da comunidade portu\u00e1ria, tamb\u00e9m na linha de crescimento e na defesa da carga.<\/p>\n<p>Ao final, o vice-presidente reiterou que a Codesp pode contar com o apoio e infraestrutura da ACS para iniciativas que tenham como foco principal os interesses p\u00fablico e privado.<\/p>\n<p><img loading=\"lazy\" decoding=\"async\" class=\" size-full wp-image-85962\" src=\"http:\/\/127.0.0.1\/acs\/wp-content\/uploads\/2019\/03\/WEB_2019_MARCO_CODESP-W_CODESP_0013.jpg\" width=\"570\" height=\"415\" srcset=\"https:\/\/acs.org.br\/academy\/wp-content\/uploads\/2019\/03\/WEB_2019_MARCO_CODESP-W_CODESP_0013.jpg 570w, https:\/\/acs.org.br\/academy\/wp-content\/uploads\/2019\/03\/WEB_2019_MARCO_CODESP-W_CODESP_0013-300x218.jpg 300w\" sizes=\"(max-width: 570px) 100vw, 570px\" \/><\/p>\n<p><img loading=\"lazy\" decoding=\"async\" class=\" size-full wp-image-85963\" src=\"http:\/\/127.0.0.1\/acs\/wp-content\/uploads\/2019\/03\/WEB_2019_MARCO_CODESP-W_CODESP_0014.jpg\" width=\"570\" height=\"460\" srcset=\"https:\/\/acs.org.br\/academy\/wp-content\/uploads\/2019\/03\/WEB_2019_MARCO_CODESP-W_CODESP_0014.jpg 570w, https:\/\/acs.org.br\/academy\/wp-content\/uploads\/2019\/03\/WEB_2019_MARCO_CODESP-W_CODESP_0014-300x242.jpg 300w\" sizes=\"(max-width: 570px) 100vw, 570px\" \/><\/p>\n<p><img loading=\"lazy\" decoding=\"async\" class=\" size-full wp-image-85964\" src=\"http:\/\/127.0.0.1\/acs\/wp-content\/uploads\/2019\/03\/WEB_2019_MARCO_CODESP-W_CODESP_0016.jpg\" width=\"570\" height=\"459\" srcset=\"https:\/\/acs.org.br\/academy\/wp-content\/uploads\/2019\/03\/WEB_2019_MARCO_CODESP-W_CODESP_0016.jpg 570w, https:\/\/acs.org.br\/academy\/wp-content\/uploads\/2019\/03\/WEB_2019_MARCO_CODESP-W_CODESP_0016-300x242.jpg 300w\" sizes=\"(max-width: 570px) 100vw, 570px\" \/><\/p>\n","protected":false},"excerpt":{"rendered":"<p>Fonte: Departamento de Comunica\u00e7\u00e3o da ACS O diretor-presidente da Codesp,&nbsp; Casemiro T\u00e9rcio Carvalho, visitou na manh\u00e3 desta quarta-feira (13), a Associa\u00e7\u00e3o Comercial de Santos, no Centro Hist\u00f3rico. &nbsp;Ao chegar \u00e0 sede da ACS, Casemiro foi recebido pelo vice-presidente Vicente do Valle&nbsp; e pelo diretor-executivo Marcio Calves.&nbsp; O objetivo da visita foi estreitar a rela\u00e7\u00e3o entre [&hellip;]<\/p>\n","protected":false},"author":1,"featured_media":85961,"comment_status":"open","ping_status":"open","sticky":false,"template":"","format":"standard","meta":{"footnotes":""},"categories":[84],"tags":[],"_links":{"self":[{"href":"https:\/\/acs.org.br\/academy\/wp-json\/wp\/v2\/posts\/85965"}],"collection":[{"href":"https:\/\/acs.org.br\/academy\/wp-json\/wp\/v2\/posts"}],"about":[{"href":"https:\/\/acs.org.br\/academy\/wp-json\/wp\/v2\/types\/post"}],"author":[{"embeddable":true,"href":"https:\/\/acs.org.br\/academy\/wp-json\/wp\/v2\/users\/1"}],"replies":[{"embeddable":true,"href":"https:\/\/acs.org.br\/academy\/wp-json\/wp\/v2\/comments?post=85965"}],"version-history":[{"count":0,"href":"https:\/\/acs.org.br\/academy\/wp-json\/wp\/v2\/posts\/85965\/revisions"}],"wp:featuredmedia":[{"embeddable":true,"href":"https:\/\/acs.org.br\/academy\/wp-json\/wp\/v2\/media\/85961"}],"wp:attachment":[{"href":"https:\/\/acs.org.br\/academy\/wp-json\/wp\/v2\/media?parent=85965"}],"wp:term":[{"taxonomy":"category","embeddable":true,"href":"https:\/\/acs.org.br\/academy\/wp-json\/wp\/v2\/categories?post=85965"},{"taxonomy":"post_tag","embeddable":true,"href":"https:\/\/acs.org.br\/academy\/wp-json\/wp\/v2\/tags?post=85965"}],"curies":[{"name":"wp","href":"https:\/\/api.w.org\/{rel}","templated":true}]}}