{"id":85941,"date":"2019-03-11T00:00:00","date_gmt":"2019-03-11T03:00:00","guid":{"rendered":"http:\/\/127.0.0.1\/acs\/acs-promove-10a-semana-do-jovem-empreendedor-a-partir-desta-quinta-a-tribuna-digital-11-03-2019\/"},"modified":"2019-03-11T00:00:00","modified_gmt":"2019-03-11T03:00:00","slug":"acs-promove-10a-semana-do-jovem-empreendedor-a-partir-desta-quinta-a-tribuna-digital-11-03-2019","status":"publish","type":"post","link":"https:\/\/acs.org.br\/academy\/acs-promove-10a-semana-do-jovem-empreendedor-a-partir-desta-quinta-a-tribuna-digital-11-03-2019\/","title":{"rendered":"ACS promove 10\u00aa Semana do Jovem Empreendedor a partir desta quinta &#8211; A Tribuna digital &#8211; 11\/03\/2019"},"content":{"rendered":"<p>Fonte: A Tribuna digital&nbsp;<\/p>\n<p>A 10\u00aa edi\u00e7\u00e3o da Semana do Jovem Empreendedor trar\u00e1 para Santos seis dias de palestras com profissionais de diversas \u00e1reas nas universidades da cidade.<\/p>\n<p><a href=\"http:\/\/127.0.0.1\/acs\/wp-content\/uploads\/2019\/03\/PDF_2019_MARCO_TRIDIG-SEMANAJOVEM-11.pdf\" target=\"_blank\" rel=\"noopener\">LEIA MAIS&#8230;<\/a><\/p>\n","protected":false},"excerpt":{"rendered":"<p>Fonte: A Tribuna digital&nbsp; A 10\u00aa edi\u00e7\u00e3o da Semana do Jovem Empreendedor trar\u00e1 para Santos seis dias de palestras com profissionais de diversas \u00e1reas nas universidades da cidade. LEIA MAIS&#8230;<\/p>\n","protected":false},"author":1,"featured_media":0,"comment_status":"open","ping_status":"open","sticky":false,"template":"","format":"standard","meta":{"footnotes":""},"categories":[98],"tags":[],"_links":{"self":[{"href":"https:\/\/acs.org.br\/academy\/wp-json\/wp\/v2\/posts\/85941"}],"collection":[{"href":"https:\/\/acs.org.br\/academy\/wp-json\/wp\/v2\/posts"}],"about":[{"href":"https:\/\/acs.org.br\/academy\/wp-json\/wp\/v2\/types\/post"}],"author":[{"embeddable":true,"href":"https:\/\/acs.org.br\/academy\/wp-json\/wp\/v2\/users\/1"}],"replies":[{"embeddable":true,"href":"https:\/\/acs.org.br\/academy\/wp-json\/wp\/v2\/comments?post=85941"}],"version-history":[{"count":0,"href":"https:\/\/acs.org.br\/academy\/wp-json\/wp\/v2\/posts\/85941\/revisions"}],"wp:attachment":[{"href":"https:\/\/acs.org.br\/academy\/wp-json\/wp\/v2\/media?parent=85941"}],"wp:term":[{"taxonomy":"category","embeddable":true,"href":"https:\/\/acs.org.br\/academy\/wp-json\/wp\/v2\/categories?post=85941"},{"taxonomy":"post_tag","embeddable":true,"href":"https:\/\/acs.org.br\/academy\/wp-json\/wp\/v2\/tags?post=85941"}],"curies":[{"name":"wp","href":"https:\/\/api.w.org\/{rel}","templated":true}]}}