{"id":85932,"date":"2019-03-14T00:00:00","date_gmt":"2019-03-14T03:00:00","guid":{"rendered":"http:\/\/127.0.0.1\/acs\/acs-jovem-realiza-a-partir-de-hoje-14-a-10a-semana-do-jovem-empreendedor\/"},"modified":"2019-03-14T00:00:00","modified_gmt":"2019-03-14T03:00:00","slug":"acs-jovem-realiza-a-partir-de-hoje-14-a-10a-semana-do-jovem-empreendedor","status":"publish","type":"post","link":"https:\/\/acs.org.br\/academy\/acs-jovem-realiza-a-partir-de-hoje-14-a-10a-semana-do-jovem-empreendedor\/","title":{"rendered":"ACS Jovem realiza a partir de hoje (14) a 10\u00aa Semana do Jovem Empreendedor"},"content":{"rendered":"<p><i>Este ano ser\u00e3o abordados temas sobre administra\u00e7\u00e3o, gastronomia, capitalismo, sa\u00fade e tecnologia<\/i><\/p>\n<p> Fonte: Departamento de Comunica\u00e7\u00e3o ACS<\/p>\n<p>A Associa\u00e7\u00e3o Comercial de Santos (ACS) realiza a partir de hoje (14) a 10\u00aa edi\u00e7\u00e3o da Semana do Jovem Empreendedor. Ser\u00e3o seis dias de palestras com profissionais de diversas \u00e1reas.<\/p>\n<p>A abertura do evento, que ocorrer\u00e1 na Unisanta, contar\u00e1 com a participa\u00e7\u00e3o do empres\u00e1rio J\u00falio Belinassi, presidente da fabricante de elevadores Otis na Am\u00e9rica do Sul. Aberta ao p\u00fablico, a entrada \u00e9 gratuita.<\/p>\n<p>De acordo com o coordenador da ACS Jovem, Marcelo Teixeira Filho, o evento serve para encontrar maneiras de como empreender na Cidade. \u201c H\u00e1 v\u00e1rias formas de incentivar as pessoas a acreditar em seus projetos.&nbsp; \u00c9 algo importante para toda a regi\u00e3o, pois criam-se novas perspectivas para a gera\u00e7\u00e3o de renda, emprego e aquece a economia\u201d. &nbsp;O coordenador explica que cada dia do evento vai abordar um segmento de atividade comercial. &#8220;\u00c9 um evento muito importante para abrir a mente de universit\u00e1rios que pretendem investir em algo&#8221;. <\/p>\n<p> A programa\u00e7\u00e3o se estender\u00e1 por seis dias em diversas universidades da Cidade. A iniciativa \u00e9 uma realiza\u00e7\u00e3o da ACS Jovem, n\u00facleo da Associa\u00e7\u00e3o Comercial de Santos.&nbsp; Outras informa\u00e7\u00f5es podem ser acompanhadas pelo <a href=\"http:\/\/www.acs.org.br\/\">site da ACS<\/a>, <a href=\"https:\/\/www.facebook.com\/Associa%C3%A7%C3%A3o-Comercial-de-Santos-164250961096397\/\">Facebook<\/a>, <a href=\"https:\/\/www.linkedin.com\/company\/35529115\/admin\/\">LinkedIn<\/a> e <a href=\"https:\/\/www.instagram.com\/acsjovem\/\">Instagram da ACS Jovem<\/a>.&nbsp;<\/p>\n<p>A 10\u00aa Semana do Jovem Empreendedor tem o patroc\u00ednio de G. Pierotti, Unimed Santos, Sicredi.<\/p>\n<p><b>Confira a programa\u00e7\u00e3o completa:<\/b><\/p>\n<p><b>Dia 14\/03&nbsp; (quinta-feira) \u2013 <\/b>Unisanta \u2013&nbsp; Rua Oswaldo Cruz, 277;<br \/><b>Tema:<\/b> Administra\u00e7\u00e3o<br \/><b>Hor\u00e1rio:<\/b> 19h<br \/><b>Mediadores:<\/b> Marcelo Teixeira Filho e Roberto Clemente Santini<br \/><b>Convidado:<\/b> Julio Belinassi &#8211; Presidente da Otis Latam<\/p>\n<p><b>Dia 15\/03&nbsp; (sexta-feira)<\/b> \u2013 Senac Santos &#8211; Avenida Conselheiro N\u00e9bias, 309<br \/><b>Tema: <\/b>Gastronomia<br \/><b>Hor\u00e1rio:<\/b> 19h<br \/><b>Mediador: <\/b>Tatiane Martins<br \/><b>Convidados:<br \/><\/b>Dario Costa &#8211; Restaurante Mad\u00ea &amp; Participante Mastercheff<br \/>Marcio Okumura &#8211;&nbsp; Restaurante Okumura e Sitio17<\/p>\n<p><b>Dia 18\/03 (segunda-feira)<\/b> \u2013 UNIP&nbsp; &#8211;&nbsp; Avenida Francisco Manoel, s\/n<br \/><b>Tema:<\/b> Capitalismo Consciente<br \/><b>Hor\u00e1rio:<\/b> 19h<br \/><b>Mediador:<\/b> Prof. Edson Haddad &#8211;&nbsp;coordenador do curso de Administra\u00e7\u00e3o da UniSantos<br \/><b>Convidado:<\/b> Thomas Eckschmidt &#8211; CEO e Co-Fundador Resolvj\u00e1<br \/><b><br \/>Dia 19\/03&nbsp; (ter\u00e7a-feira) <\/b>\u2013 Unimes &#8211; Avenida Conselheiro N\u00e9bias, 536<br \/><b>Tema: <\/b>Cl\u00ednicas M\u00e9dicas<br \/><b>Hor\u00e1rio:<\/b> 19h<br \/><b>Mediador: <\/b>Alexandre Catena Volpe<br \/><b>Convidados:<br \/><\/b>Beto Montoro &#8211; CEO e Co-fundador Dr. Benef\u00edcio<br \/>Dr. Colombo Barbosa &#8211; Diretor Vis\u00e3o Laser<\/p>\n<p><b>Dia 20\/03 (quarta-feira) \u2013<\/b> UniSantos &#8211; Avenida Conselheiro N\u00e9bias, 589\/595<br \/><b>Tema:<\/b> Fintech<br \/><b>Hor\u00e1rio:<\/b> 19h<br \/><b>Mediadores:<\/b> Prof. Elias Haddad &#8211; coordenador do curso de Administra\u00e7\u00e3o da Unisanta&nbsp;<br \/><b>Convidados:<br \/><\/b>Nathan Yoles &#8211; Head Sales Weel<br \/>Rog\u00e9rio Melfi &#8211; Co-organizador de Meetups&nbsp; Fintechsp<br \/>Prof. Jo\u00e3o Alfredo Gon\u00e7alves &#8211; Professor Universit\u00e1rio e consultor nas \u00e1reas de Tecnologia da Informa\u00e7\u00e3o, Gest\u00e3o de Neg\u00f3cios e Sistema da Informa\u00e7\u00e3o<\/p>\n<p><b>Dia 21\/03&nbsp; (quinta-feira) <\/b>\u2013 Strong Esags \u2013 Av. Conselheiro N\u00e9bias, 159<br \/><b>Tema: <\/b>Tecnologia de APP\u00b4s<br \/><b>Hor\u00e1rio:<\/b> 19h<br \/><b>Mediador: <\/b> Leandro Taveira<br \/><b>Convidados:<br \/><\/b>Eduardo Bittencourt &#8211; Spacemoon<br \/>Marco Riveros &#8211; CEO Resolv Risk<br \/>Matheus Catossi &#8211; Softaware Developer IBM<\/p>\n","protected":false},"excerpt":{"rendered":"<p>Este ano ser\u00e3o abordados temas sobre administra\u00e7\u00e3o, gastronomia, capitalismo, sa\u00fade e tecnologia Fonte: Departamento de Comunica\u00e7\u00e3o ACS A Associa\u00e7\u00e3o Comercial de Santos (ACS) realiza a partir de hoje (14) a 10\u00aa edi\u00e7\u00e3o da Semana do Jovem Empreendedor. Ser\u00e3o seis dias de palestras com profissionais de diversas \u00e1reas. A abertura do evento, que ocorrer\u00e1 na Unisanta, [&hellip;]<\/p>\n","protected":false},"author":1,"featured_media":0,"comment_status":"open","ping_status":"open","sticky":false,"template":"","format":"standard","meta":{"footnotes":""},"categories":[84],"tags":[],"_links":{"self":[{"href":"https:\/\/acs.org.br\/academy\/wp-json\/wp\/v2\/posts\/85932"}],"collection":[{"href":"https:\/\/acs.org.br\/academy\/wp-json\/wp\/v2\/posts"}],"about":[{"href":"https:\/\/acs.org.br\/academy\/wp-json\/wp\/v2\/types\/post"}],"author":[{"embeddable":true,"href":"https:\/\/acs.org.br\/academy\/wp-json\/wp\/v2\/users\/1"}],"replies":[{"embeddable":true,"href":"https:\/\/acs.org.br\/academy\/wp-json\/wp\/v2\/comments?post=85932"}],"version-history":[{"count":0,"href":"https:\/\/acs.org.br\/academy\/wp-json\/wp\/v2\/posts\/85932\/revisions"}],"wp:attachment":[{"href":"https:\/\/acs.org.br\/academy\/wp-json\/wp\/v2\/media?parent=85932"}],"wp:term":[{"taxonomy":"category","embeddable":true,"href":"https:\/\/acs.org.br\/academy\/wp-json\/wp\/v2\/categories?post=85932"},{"taxonomy":"post_tag","embeddable":true,"href":"https:\/\/acs.org.br\/academy\/wp-json\/wp\/v2\/tags?post=85932"}],"curies":[{"name":"wp","href":"https:\/\/api.w.org\/{rel}","templated":true}]}}