{"id":85880,"date":"2019-03-01T10:12:40","date_gmt":"2019-03-01T13:12:40","guid":{"rendered":"http:\/\/127.0.0.1\/acs\/expediente-carnaval-2\/"},"modified":"2019-03-01T10:12:40","modified_gmt":"2019-03-01T13:12:40","slug":"expediente-carnaval-2","status":"publish","type":"post","link":"https:\/\/acs.org.br\/academy\/expediente-carnaval-2\/","title":{"rendered":"Expediente Carnaval"},"content":{"rendered":"<p>Em raz\u00e3o do carnaval, n\u00e3o teremos expediente nos dias 4 e 5 de mar\u00e7o, al\u00e9m de 6, pela manh\u00e3. Reiniciaremos nossas atividades \u00e0s 13 horas do dia 6 (quarta-feira).<\/p>\n","protected":false},"excerpt":{"rendered":"<p>Em raz\u00e3o do carnaval, n\u00e3o teremos expediente nos dias 4 e 5 de mar\u00e7o, al\u00e9m de 6, pela manh\u00e3. Reiniciaremos nossas atividades \u00e0s 13 horas do dia 6 (quarta-feira).<\/p>\n","protected":false},"author":1,"featured_media":0,"comment_status":"open","ping_status":"open","sticky":false,"template":"","format":"standard","meta":{"footnotes":""},"categories":[84],"tags":[],"_links":{"self":[{"href":"https:\/\/acs.org.br\/academy\/wp-json\/wp\/v2\/posts\/85880"}],"collection":[{"href":"https:\/\/acs.org.br\/academy\/wp-json\/wp\/v2\/posts"}],"about":[{"href":"https:\/\/acs.org.br\/academy\/wp-json\/wp\/v2\/types\/post"}],"author":[{"embeddable":true,"href":"https:\/\/acs.org.br\/academy\/wp-json\/wp\/v2\/users\/1"}],"replies":[{"embeddable":true,"href":"https:\/\/acs.org.br\/academy\/wp-json\/wp\/v2\/comments?post=85880"}],"version-history":[{"count":0,"href":"https:\/\/acs.org.br\/academy\/wp-json\/wp\/v2\/posts\/85880\/revisions"}],"wp:attachment":[{"href":"https:\/\/acs.org.br\/academy\/wp-json\/wp\/v2\/media?parent=85880"}],"wp:term":[{"taxonomy":"category","embeddable":true,"href":"https:\/\/acs.org.br\/academy\/wp-json\/wp\/v2\/categories?post=85880"},{"taxonomy":"post_tag","embeddable":true,"href":"https:\/\/acs.org.br\/academy\/wp-json\/wp\/v2\/tags?post=85880"}],"curies":[{"name":"wp","href":"https:\/\/api.w.org\/{rel}","templated":true}]}}