{"id":85769,"date":"2019-02-15T01:00:00","date_gmt":"2019-02-15T03:00:00","guid":{"rendered":"http:\/\/127.0.0.1\/acs\/acs-inaugura-camara-de-arbitragem-para-resolver-conflitos-de-forma-rapida-sigilosa-e-segura-g1-santos-15-02-2019\/"},"modified":"2019-02-15T01:00:00","modified_gmt":"2019-02-15T03:00:00","slug":"acs-inaugura-camara-de-arbitragem-para-resolver-conflitos-de-forma-rapida-sigilosa-e-segura-g1-santos-15-02-2019","status":"publish","type":"post","link":"https:\/\/acs.org.br\/academy\/acs-inaugura-camara-de-arbitragem-para-resolver-conflitos-de-forma-rapida-sigilosa-e-segura-g1-santos-15-02-2019\/","title":{"rendered":"ACS inaugura C\u00e2mara de Arbitragem para resolver conflitos de forma r\u00e1pida, sigilosa e segura &#8211; G1 Santos &#8211; 15\/02\/2019"},"content":{"rendered":"<p>Fonte: G1 Santos&nbsp;<\/p>\n<p>A Associa\u00e7\u00e3o Comercial de Santos (ACS), no litoral de S\u00e3o Paulo, inaugurou uma unidade da C\u00e2mara Brasileira de Media\u00e7\u00e3o e Arbitragem Empresarial.<\/p>\n<p><a target=\"_blank\" href=\"http:\/\/127.0.0.1\/acs\/wp-content\/uploads\/2019\/02\/PDF_2019_FEVEREIRO_CAMARA-G1-15.pdf\" rel=\"noopener\">LEIA MAIS&#8230;<\/a><\/p>\n<p><a target=\"_blank\" href=\"http:\/\/g1.globo.com\/sp\/santos-regiao\/bom-dia-regiao\/videos\/t\/bom-dia-regiao\/v\/camara-de-mediacao-e-arbitragem-empresarial-e-inaugurada-em-santos\/7384094\/\" rel=\"noopener\">VEJA MAIS&#8230;<\/a><\/p>\n","protected":false},"excerpt":{"rendered":"<p>Fonte: G1 Santos&nbsp; A Associa\u00e7\u00e3o Comercial de Santos (ACS), no litoral de S\u00e3o Paulo, inaugurou uma unidade da C\u00e2mara Brasileira de Media\u00e7\u00e3o e Arbitragem Empresarial. LEIA MAIS&#8230; VEJA MAIS&#8230;<\/p>\n","protected":false},"author":1,"featured_media":0,"comment_status":"open","ping_status":"open","sticky":false,"template":"","format":"standard","meta":{"footnotes":""},"categories":[98],"tags":[],"_links":{"self":[{"href":"https:\/\/acs.org.br\/academy\/wp-json\/wp\/v2\/posts\/85769"}],"collection":[{"href":"https:\/\/acs.org.br\/academy\/wp-json\/wp\/v2\/posts"}],"about":[{"href":"https:\/\/acs.org.br\/academy\/wp-json\/wp\/v2\/types\/post"}],"author":[{"embeddable":true,"href":"https:\/\/acs.org.br\/academy\/wp-json\/wp\/v2\/users\/1"}],"replies":[{"embeddable":true,"href":"https:\/\/acs.org.br\/academy\/wp-json\/wp\/v2\/comments?post=85769"}],"version-history":[{"count":0,"href":"https:\/\/acs.org.br\/academy\/wp-json\/wp\/v2\/posts\/85769\/revisions"}],"wp:attachment":[{"href":"https:\/\/acs.org.br\/academy\/wp-json\/wp\/v2\/media?parent=85769"}],"wp:term":[{"taxonomy":"category","embeddable":true,"href":"https:\/\/acs.org.br\/academy\/wp-json\/wp\/v2\/categories?post=85769"},{"taxonomy":"post_tag","embeddable":true,"href":"https:\/\/acs.org.br\/academy\/wp-json\/wp\/v2\/tags?post=85769"}],"curies":[{"name":"wp","href":"https:\/\/api.w.org\/{rel}","templated":true}]}}