{"id":85767,"date":"2019-02-18T00:00:00","date_gmt":"2019-02-18T03:00:00","guid":{"rendered":"http:\/\/127.0.0.1\/acs\/apresentacao-dos-projetos-nova-ponta-da-praia-e-entrada-de-santos-ira-ocorrer-na-associacao-comercial-de-santos-facesp-18-02-2019\/"},"modified":"2019-02-18T00:00:00","modified_gmt":"2019-02-18T03:00:00","slug":"apresentacao-dos-projetos-nova-ponta-da-praia-e-entrada-de-santos-ira-ocorrer-na-associacao-comercial-de-santos-facesp-18-02-2019","status":"publish","type":"post","link":"https:\/\/acs.org.br\/academy\/apresentacao-dos-projetos-nova-ponta-da-praia-e-entrada-de-santos-ira-ocorrer-na-associacao-comercial-de-santos-facesp-18-02-2019\/","title":{"rendered":"Apresenta\u00e7\u00e3o dos projetos Nova Ponta da Praia e Entrada de Santos ir\u00e1 ocorrer na Associa\u00e7\u00e3o Comercial de Santos &#8211; Facesp &#8211; 18\/02\/2019"},"content":{"rendered":"<p>Fonte: Facesp&nbsp;<\/p>\n<p>A Associa\u00e7\u00e3o Comercial de Santos (ACS) e a Prefeitura de Santos convidam para apresenta\u00e7\u00e3o dos Projetos \u201cNova Ponta da Praia e Entrada de Santos \u2013 Inova\u00e7\u00f5es e Oportunidades para o Brasil\u201d, que ir\u00e1 ocorrer no pr\u00f3ximo dia 27, das 8h45 \u00e0s 12 horas.<\/p>\n<p><a target=\"_blank\" href=\"http:\/\/127.0.0.1\/acs\/wp-content\/uploads\/2019\/02\/PDF_2019_FEVEREIRO_NOVASANTOS-FACESP-18.pdf\" rel=\"noopener\">LEIA MAIS&#8230;<\/a><\/p>\n","protected":false},"excerpt":{"rendered":"<p>Fonte: Facesp&nbsp; A Associa\u00e7\u00e3o Comercial de Santos (ACS) e a Prefeitura de Santos convidam para apresenta\u00e7\u00e3o dos Projetos \u201cNova Ponta da Praia e Entrada de Santos \u2013 Inova\u00e7\u00f5es e Oportunidades para o Brasil\u201d, que ir\u00e1 ocorrer no pr\u00f3ximo dia 27, das 8h45 \u00e0s 12 horas. LEIA MAIS&#8230;<\/p>\n","protected":false},"author":1,"featured_media":0,"comment_status":"open","ping_status":"open","sticky":false,"template":"","format":"standard","meta":{"footnotes":""},"categories":[98],"tags":[],"_links":{"self":[{"href":"https:\/\/acs.org.br\/academy\/wp-json\/wp\/v2\/posts\/85767"}],"collection":[{"href":"https:\/\/acs.org.br\/academy\/wp-json\/wp\/v2\/posts"}],"about":[{"href":"https:\/\/acs.org.br\/academy\/wp-json\/wp\/v2\/types\/post"}],"author":[{"embeddable":true,"href":"https:\/\/acs.org.br\/academy\/wp-json\/wp\/v2\/users\/1"}],"replies":[{"embeddable":true,"href":"https:\/\/acs.org.br\/academy\/wp-json\/wp\/v2\/comments?post=85767"}],"version-history":[{"count":0,"href":"https:\/\/acs.org.br\/academy\/wp-json\/wp\/v2\/posts\/85767\/revisions"}],"wp:attachment":[{"href":"https:\/\/acs.org.br\/academy\/wp-json\/wp\/v2\/media?parent=85767"}],"wp:term":[{"taxonomy":"category","embeddable":true,"href":"https:\/\/acs.org.br\/academy\/wp-json\/wp\/v2\/categories?post=85767"},{"taxonomy":"post_tag","embeddable":true,"href":"https:\/\/acs.org.br\/academy\/wp-json\/wp\/v2\/tags?post=85767"}],"curies":[{"name":"wp","href":"https:\/\/api.w.org\/{rel}","templated":true}]}}