{"id":85765,"date":"2019-02-19T00:00:00","date_gmt":"2019-02-19T03:00:00","guid":{"rendered":"http:\/\/127.0.0.1\/acs\/a-advogada-e-mediadora-silvia-brega-proferiu-palestra-na-associacao-comercial-de-santos-acs-na-inauguracao-da-camara-brasileira-de-mediacao-e-arbitragem-empresarial-a-tribuna-19-02-2019\/"},"modified":"2019-02-19T00:00:00","modified_gmt":"2019-02-19T03:00:00","slug":"a-advogada-e-mediadora-silvia-brega-proferiu-palestra-na-associacao-comercial-de-santos-acs-na-inauguracao-da-camara-brasileira-de-mediacao-e-arbitragem-empresarial-a-tribuna-19-02-2019","status":"publish","type":"post","link":"https:\/\/acs.org.br\/academy\/a-advogada-e-mediadora-silvia-brega-proferiu-palestra-na-associacao-comercial-de-santos-acs-na-inauguracao-da-camara-brasileira-de-mediacao-e-arbitragem-empresarial-a-tribuna-19-02-2019\/","title":{"rendered":"A advogada e mediadora Silvia Brega proferiu palestra na Associa\u00e7\u00e3o Comercial de Santos (ACS), na inaugura\u00e7\u00e3o da C\u00e2mara Brasileira de Media\u00e7\u00e3o e Arbitragem Empresarial &#8211; A Tribuna &#8211; 19\/02\/2019"},"content":{"rendered":"<p>Fonte: A Tribuna \/ coluna Fernanda Lopes &#8211; 19\/02\/2019<\/p>\n<p>Maur\u00edcio Cury, diretor jur\u00eddico, um dos respons\u00e1veis pela instala\u00e7\u00e3o do novo servi\u00e7o.<\/p>\n<p><a target=\"_blank\" href=\"http:\/\/127.0.0.1\/acs\/wp-content\/uploads\/2019\/02\/PDF_2019_FEVEREIRO_CAMARA-TRI-19.pdf\" rel=\"noopener\">VEJA MAIS&#8230;<\/a><\/p>\n<p>\u00a0<\/p>\n","protected":false},"excerpt":{"rendered":"<p>Fonte: A Tribuna \/ coluna Fernanda Lopes &#8211; 19\/02\/2019 Maur\u00edcio Cury, diretor jur\u00eddico, um dos respons\u00e1veis pela instala\u00e7\u00e3o do novo servi\u00e7o. VEJA MAIS&#8230; \u00a0<\/p>\n","protected":false},"author":1,"featured_media":0,"comment_status":"open","ping_status":"open","sticky":false,"template":"","format":"standard","meta":{"footnotes":""},"categories":[98],"tags":[],"_links":{"self":[{"href":"https:\/\/acs.org.br\/academy\/wp-json\/wp\/v2\/posts\/85765"}],"collection":[{"href":"https:\/\/acs.org.br\/academy\/wp-json\/wp\/v2\/posts"}],"about":[{"href":"https:\/\/acs.org.br\/academy\/wp-json\/wp\/v2\/types\/post"}],"author":[{"embeddable":true,"href":"https:\/\/acs.org.br\/academy\/wp-json\/wp\/v2\/users\/1"}],"replies":[{"embeddable":true,"href":"https:\/\/acs.org.br\/academy\/wp-json\/wp\/v2\/comments?post=85765"}],"version-history":[{"count":0,"href":"https:\/\/acs.org.br\/academy\/wp-json\/wp\/v2\/posts\/85765\/revisions"}],"wp:attachment":[{"href":"https:\/\/acs.org.br\/academy\/wp-json\/wp\/v2\/media?parent=85765"}],"wp:term":[{"taxonomy":"category","embeddable":true,"href":"https:\/\/acs.org.br\/academy\/wp-json\/wp\/v2\/categories?post=85765"},{"taxonomy":"post_tag","embeddable":true,"href":"https:\/\/acs.org.br\/academy\/wp-json\/wp\/v2\/tags?post=85765"}],"curies":[{"name":"wp","href":"https:\/\/api.w.org\/{rel}","templated":true}]}}