{"id":85745,"date":"2019-02-18T10:50:55","date_gmt":"2019-02-18T13:50:55","guid":{"rendered":"http:\/\/127.0.0.1\/acs\/apresentacao-dos-projetos-nova-ponta-da-praia-e-entrada-de-santos-ira-ocorrer-na-associacao-comercial-de-santos\/"},"modified":"2019-02-18T10:50:55","modified_gmt":"2019-02-18T13:50:55","slug":"apresentacao-dos-projetos-nova-ponta-da-praia-e-entrada-de-santos-ira-ocorrer-na-associacao-comercial-de-santos","status":"publish","type":"post","link":"https:\/\/acs.org.br\/academy\/apresentacao-dos-projetos-nova-ponta-da-praia-e-entrada-de-santos-ira-ocorrer-na-associacao-comercial-de-santos\/","title":{"rendered":"Apresenta\u00e7\u00e3o dos projetos Nova Ponta da Praia e Entrada de Santos ir\u00e1 ocorrer na Associa\u00e7\u00e3o Comercial de Santos"},"content":{"rendered":"<p>Fonte:&nbsp; Departamento de Comunica\u00e7\u00e3o &#8211; ACS<\/p>\n<p>A Associa\u00e7\u00e3o Comercial de Santos (ACS) e a Prefeitura de Santos convidam para apresenta\u00e7\u00e3o dos Projetos \u201cNova Ponta da Praia e Entrada de Santos \u2013 Inova\u00e7\u00f5es e Oportunidades para o Brasil\u201d, no pr\u00f3ximo dia 27, das 8h45 \u00e0s 12 horas .<\/p>\n<p>A apresenta\u00e7\u00e3o ser\u00e1 feita pelo prefeito Paulo Alexandre Barbosa.&nbsp; &nbsp;O evento ir\u00e1 ocorrer no audit\u00f3rio da Associa\u00e7\u00e3o Comercial de Santos, na Rua XV de Novembro, Centro de Santos, 137, 1\u00ba andar. &nbsp;&nbsp;<\/p>\n<p>Interessados podem ser inscrever no e-mail:<strong> <a href=\"mailto:eventos@acs.org.br\">eventos@acs.org.br<\/a>.<\/strong><\/p>\n","protected":false},"excerpt":{"rendered":"<p>Fonte:&nbsp; Departamento de Comunica\u00e7\u00e3o &#8211; ACS A Associa\u00e7\u00e3o Comercial de Santos (ACS) e a Prefeitura de Santos convidam para apresenta\u00e7\u00e3o dos Projetos \u201cNova Ponta da Praia e Entrada de Santos \u2013 Inova\u00e7\u00f5es e Oportunidades para o Brasil\u201d, no pr\u00f3ximo dia 27, das 8h45 \u00e0s 12 horas . A apresenta\u00e7\u00e3o ser\u00e1 feita pelo prefeito Paulo Alexandre [&hellip;]<\/p>\n","protected":false},"author":1,"featured_media":85744,"comment_status":"open","ping_status":"open","sticky":false,"template":"","format":"standard","meta":{"footnotes":""},"categories":[84],"tags":[],"_links":{"self":[{"href":"https:\/\/acs.org.br\/academy\/wp-json\/wp\/v2\/posts\/85745"}],"collection":[{"href":"https:\/\/acs.org.br\/academy\/wp-json\/wp\/v2\/posts"}],"about":[{"href":"https:\/\/acs.org.br\/academy\/wp-json\/wp\/v2\/types\/post"}],"author":[{"embeddable":true,"href":"https:\/\/acs.org.br\/academy\/wp-json\/wp\/v2\/users\/1"}],"replies":[{"embeddable":true,"href":"https:\/\/acs.org.br\/academy\/wp-json\/wp\/v2\/comments?post=85745"}],"version-history":[{"count":0,"href":"https:\/\/acs.org.br\/academy\/wp-json\/wp\/v2\/posts\/85745\/revisions"}],"wp:featuredmedia":[{"embeddable":true,"href":"https:\/\/acs.org.br\/academy\/wp-json\/wp\/v2\/media\/85744"}],"wp:attachment":[{"href":"https:\/\/acs.org.br\/academy\/wp-json\/wp\/v2\/media?parent=85745"}],"wp:term":[{"taxonomy":"category","embeddable":true,"href":"https:\/\/acs.org.br\/academy\/wp-json\/wp\/v2\/categories?post=85745"},{"taxonomy":"post_tag","embeddable":true,"href":"https:\/\/acs.org.br\/academy\/wp-json\/wp\/v2\/tags?post=85745"}],"curies":[{"name":"wp","href":"https:\/\/api.w.org\/{rel}","templated":true}]}}