{"id":85737,"date":"2019-01-28T01:00:00","date_gmt":"2019-01-28T03:00:00","guid":{"rendered":"http:\/\/127.0.0.1\/acs\/associacao-comercial-de-santos-abre-inscricoes-para-seu-tradicional-curso-de-cafe-segs-28-01-2019\/"},"modified":"2019-01-28T01:00:00","modified_gmt":"2019-01-28T03:00:00","slug":"associacao-comercial-de-santos-abre-inscricoes-para-seu-tradicional-curso-de-cafe-segs-28-01-2019","status":"publish","type":"post","link":"https:\/\/acs.org.br\/academy\/associacao-comercial-de-santos-abre-inscricoes-para-seu-tradicional-curso-de-cafe-segs-28-01-2019\/","title":{"rendered":"Associa\u00e7\u00e3o Comercial de Santos abre inscri\u00e7\u00f5es para seu tradicional curso de caf\u00e9 &#8211; Segs &#8211; 28\/01\/2019"},"content":{"rendered":"<p>Fonte: Segs&nbsp;<\/p>\n<p>Um dos mais tradicionais cursos de caf\u00e9 do Pa\u00eds est\u00e1 com inscri\u00e7\u00f5es abertas: o Curso de Classifica\u00e7\u00e3o e Degusta\u00e7\u00e3o de Caf\u00e9 da Associa\u00e7\u00e3o Comercial de Santos (ACS).<\/p>\n<p><a target=\"_blank\" href=\"http:\/\/127.0.0.1\/acs\/wp-content\/uploads\/2019\/01\/PDF_2019_JANEIRO_CURSOCAFE-SEGS-28.pdf\" rel=\"noopener\">LEIA MAIS&#8230;<\/a><\/p>\n<p>\u00a0<\/p>\n","protected":false},"excerpt":{"rendered":"<p>Fonte: Segs&nbsp; Um dos mais tradicionais cursos de caf\u00e9 do Pa\u00eds est\u00e1 com inscri\u00e7\u00f5es abertas: o Curso de Classifica\u00e7\u00e3o e Degusta\u00e7\u00e3o de Caf\u00e9 da Associa\u00e7\u00e3o Comercial de Santos (ACS). LEIA MAIS&#8230; \u00a0<\/p>\n","protected":false},"author":1,"featured_media":0,"comment_status":"open","ping_status":"open","sticky":false,"template":"","format":"standard","meta":{"footnotes":""},"categories":[98],"tags":[],"_links":{"self":[{"href":"https:\/\/acs.org.br\/academy\/wp-json\/wp\/v2\/posts\/85737"}],"collection":[{"href":"https:\/\/acs.org.br\/academy\/wp-json\/wp\/v2\/posts"}],"about":[{"href":"https:\/\/acs.org.br\/academy\/wp-json\/wp\/v2\/types\/post"}],"author":[{"embeddable":true,"href":"https:\/\/acs.org.br\/academy\/wp-json\/wp\/v2\/users\/1"}],"replies":[{"embeddable":true,"href":"https:\/\/acs.org.br\/academy\/wp-json\/wp\/v2\/comments?post=85737"}],"version-history":[{"count":0,"href":"https:\/\/acs.org.br\/academy\/wp-json\/wp\/v2\/posts\/85737\/revisions"}],"wp:attachment":[{"href":"https:\/\/acs.org.br\/academy\/wp-json\/wp\/v2\/media?parent=85737"}],"wp:term":[{"taxonomy":"category","embeddable":true,"href":"https:\/\/acs.org.br\/academy\/wp-json\/wp\/v2\/categories?post=85737"},{"taxonomy":"post_tag","embeddable":true,"href":"https:\/\/acs.org.br\/academy\/wp-json\/wp\/v2\/tags?post=85737"}],"curies":[{"name":"wp","href":"https:\/\/api.w.org\/{rel}","templated":true}]}}