{"id":85731,"date":"2019-01-26T01:00:00","date_gmt":"2019-01-26T03:00:00","guid":{"rendered":"http:\/\/127.0.0.1\/acs\/associacao-comercial-de-santos-promove-curso-de-degustacao-de-cafe-rede-arrastao-26-01-2018\/"},"modified":"2019-01-26T01:00:00","modified_gmt":"2019-01-26T03:00:00","slug":"associacao-comercial-de-santos-promove-curso-de-degustacao-de-cafe-rede-arrastao-26-01-2018","status":"publish","type":"post","link":"https:\/\/acs.org.br\/academy\/associacao-comercial-de-santos-promove-curso-de-degustacao-de-cafe-rede-arrastao-26-01-2018\/","title":{"rendered":"Associa\u00e7\u00e3o Comercial de Santos promove curso de degusta\u00e7\u00e3o de caf\u00e9 &#8211; Rede Arrast\u00e3o &#8211; 26\/01\/2018"},"content":{"rendered":"<p>Fonte: Rede Arrast\u00e3o<\/p>\n<p>Inscri\u00e7\u00f5es para o curso, que acontece em entre 11 e 29 de mar\u00e7o, est\u00e3o abertas.<\/p>\n<p><a target=\"_blank\" href=\"http:\/\/127.0.0.1\/acs\/wp-content\/uploads\/2019\/01\/PDF_2019_JANEIRO_CURSOCAFE-REDE-26.pdf\" rel=\"noopener\">LEIA MAIS&#8230;<\/a><\/p>\n<p>\u00a0<\/p>\n","protected":false},"excerpt":{"rendered":"<p>Fonte: Rede Arrast\u00e3o Inscri\u00e7\u00f5es para o curso, que acontece em entre 11 e 29 de mar\u00e7o, est\u00e3o abertas. LEIA MAIS&#8230; \u00a0<\/p>\n","protected":false},"author":1,"featured_media":0,"comment_status":"open","ping_status":"open","sticky":false,"template":"","format":"standard","meta":{"footnotes":""},"categories":[98],"tags":[],"_links":{"self":[{"href":"https:\/\/acs.org.br\/academy\/wp-json\/wp\/v2\/posts\/85731"}],"collection":[{"href":"https:\/\/acs.org.br\/academy\/wp-json\/wp\/v2\/posts"}],"about":[{"href":"https:\/\/acs.org.br\/academy\/wp-json\/wp\/v2\/types\/post"}],"author":[{"embeddable":true,"href":"https:\/\/acs.org.br\/academy\/wp-json\/wp\/v2\/users\/1"}],"replies":[{"embeddable":true,"href":"https:\/\/acs.org.br\/academy\/wp-json\/wp\/v2\/comments?post=85731"}],"version-history":[{"count":0,"href":"https:\/\/acs.org.br\/academy\/wp-json\/wp\/v2\/posts\/85731\/revisions"}],"wp:attachment":[{"href":"https:\/\/acs.org.br\/academy\/wp-json\/wp\/v2\/media?parent=85731"}],"wp:term":[{"taxonomy":"category","embeddable":true,"href":"https:\/\/acs.org.br\/academy\/wp-json\/wp\/v2\/categories?post=85731"},{"taxonomy":"post_tag","embeddable":true,"href":"https:\/\/acs.org.br\/academy\/wp-json\/wp\/v2\/tags?post=85731"}],"curies":[{"name":"wp","href":"https:\/\/api.w.org\/{rel}","templated":true}]}}