{"id":85721,"date":"2019-02-15T11:04:39","date_gmt":"2019-02-15T13:04:39","guid":{"rendered":"http:\/\/127.0.0.1\/acs\/associacao-comercial-de-santos-inaugura-sua-camara-de-mediacao-e-arbitragem-empresarial\/"},"modified":"2019-02-15T11:04:39","modified_gmt":"2019-02-15T13:04:39","slug":"associacao-comercial-de-santos-inaugura-sua-camara-de-mediacao-e-arbitragem-empresarial","status":"publish","type":"post","link":"https:\/\/acs.org.br\/academy\/associacao-comercial-de-santos-inaugura-sua-camara-de-mediacao-e-arbitragem-empresarial\/","title":{"rendered":"Associa\u00e7\u00e3o Comercial de Santos inaugura sua C\u00e2mara de Media\u00e7\u00e3o e Arbitragem Empresarial"},"content":{"rendered":"<p>Fonte: Departamento de Comunica\u00e7\u00e3o \u2013 ACS<\/p>\n<p><em>Modelo trazido pela CACB agiliza andamento de processos envolvendo conflitos entre empresas<\/em><\/p>\n<p>A Associa\u00e7\u00e3o Comercial de Santos (ACS) inaugurou na noite desta quinta-feira (14) sua C\u00e2mara Brasileira de Media\u00e7\u00e3o e Arbitragem Empresarial (CBMAE). A proposta do servi\u00e7o \u00e9 que as empresas resolvam problemas com fornecedores ou clientes sem a necessidade de entrarem com a\u00e7\u00f5es na Justi\u00e7a, algo que costuma consumir tempo e dinheiro.&nbsp;<\/p>\n<\/p>\n<p><img loading=\"lazy\" decoding=\"async\" class=\" size-full wp-image-85714\" src=\"http:\/\/127.0.0.1\/acs\/wp-content\/uploads\/2019\/02\/WEB_2019_FEVEREIRO_INAUGURA-W_INAUGURA_0056.jpg\" width=\"570\" height=\"426\" srcset=\"https:\/\/acs.org.br\/academy\/wp-content\/uploads\/2019\/02\/WEB_2019_FEVEREIRO_INAUGURA-W_INAUGURA_0056.jpg 570w, https:\/\/acs.org.br\/academy\/wp-content\/uploads\/2019\/02\/WEB_2019_FEVEREIRO_INAUGURA-W_INAUGURA_0056-300x224.jpg 300w\" sizes=\"(max-width: 570px) 100vw, 570px\" \/><\/p>\n<p>Estiveram presidentes na solenidade de abertura os diretores da ACS e o presidente, Roberto Clemente Santini,&nbsp; al\u00e9m de autoridades, ju\u00edzes, advogados e empres\u00e1rios.&nbsp;Em seu discurso, Roberto Clemente Santini falou sobre a import\u00e2ncia da implanta\u00e7\u00e3o do servi\u00e7o. &#8220;A inaugura\u00e7\u00e3o hoje da nossa C\u00e2mara de Media\u00e7\u00e3o e Arbitragem Empresarial \u00e9 mais uma etapa importante do processo de moderniza\u00e7\u00e3o da Associa\u00e7\u00e3o Comercial de Santos e de amplia\u00e7\u00e3o da presta\u00e7\u00e3o de servi\u00e7os aos nossos associados e \u00e0 sociedade em geral\u201d.<\/p>\n<p><img loading=\"lazy\" decoding=\"async\" class=\" size-full wp-image-85715\" src=\"http:\/\/127.0.0.1\/acs\/wp-content\/uploads\/2019\/02\/WEB_2019_FEVEREIRO_INAUGURA-W_INAUGURA_0032.jpg\" width=\"570\" height=\"429\" srcset=\"https:\/\/acs.org.br\/academy\/wp-content\/uploads\/2019\/02\/WEB_2019_FEVEREIRO_INAUGURA-W_INAUGURA_0032.jpg 570w, https:\/\/acs.org.br\/academy\/wp-content\/uploads\/2019\/02\/WEB_2019_FEVEREIRO_INAUGURA-W_INAUGURA_0032-300x226.jpg 300w\" sizes=\"(max-width: 570px) 100vw, 570px\" \/><\/p>\n<p>Santini lembrou que o Poder Judici\u00e1rio enfrenta milhares de demandas, em todas as inst\u00e2ncias, impedindo a celeridade e as consequentes decis\u00f5es. \u201cA arbitragem \u00e9 um m\u00e9todo de solu\u00e7\u00e3o extrajudicial de conflitos. \u00c9 um exerc\u00edcio da pr\u00f3pria liberdade das partes que podem escolher como desejam que as&nbsp; diverg\u00eancias sejam decididas: de forma judicial ou de forma privada\u201d.<\/p>\n<p><img loading=\"lazy\" decoding=\"async\" class=\" size-full wp-image-85716\" src=\"http:\/\/127.0.0.1\/acs\/wp-content\/uploads\/2019\/02\/WEB_2019_FEVEREIRO_INAUGURA-W_INAUGURA_0065.jpg\" width=\"570\" height=\"421\" srcset=\"https:\/\/acs.org.br\/academy\/wp-content\/uploads\/2019\/02\/WEB_2019_FEVEREIRO_INAUGURA-W_INAUGURA_0065.jpg 570w, https:\/\/acs.org.br\/academy\/wp-content\/uploads\/2019\/02\/WEB_2019_FEVEREIRO_INAUGURA-W_INAUGURA_0065-300x222.jpg 300w\" sizes=\"(max-width: 570px) 100vw, 570px\" \/><\/p>\n<p>O desembargador e ex-presidente do Tribunal de Justi\u00e7a do Estado de S\u00e3o Paulo, Ivan Sartori, disse que a iniciativa da ACS \u00e9 de extrema import\u00e2ncia para desafogar o judici\u00e1rio. \u201cPara se ter uma ideia, o Tribunal j\u00e1 teve 23 mil processos, por dia, de distribui\u00e7\u00e3o. \u00c9 um volume muito alto, incompar\u00e1vel.&nbsp; Esse servi\u00e7o s\u00f3 traz benef\u00edcios \u00e0 popula\u00e7\u00e3o e ao pr\u00f3prio&nbsp; judici\u00e1rio\u201d.&nbsp;<\/p>\n<p>O secret\u00e1rio do governo Rog\u00e9rio Pereira dos Santos, que representou o prefeito Paulo Alexandre Barbosa na cerim\u00f4nia, enfatizou a fala do desembargador e lembrou que as c\u00e2maras de arbitragem s\u00e3o fundamentais para a nova pol\u00edtica do Pa\u00eds. \u201cRepresentam um novo momento do Pa\u00eds. Um momento em que o Estado&nbsp; tem que ser eficiente. Essa nova unidade em Santos ser\u00e1 de grande utilidade para o crescimento de nossa Cidade\u201d.<\/p>\n<p>A iniciativa para implantar a CBMAE\/ACS contou com a parceria da OAB Santos e do Sindicato do Com\u00e9rcio Varejista (Sincom\u00e9rcio).&nbsp; Para a vice-presidente da OAB-Santos, Maria Lucia de Almeida Robalo, o Brasil n\u00e3o tem uma cultura de arbitragem. \u201cSantos e a Associa\u00e7\u00e3o Comercial est\u00e3o sendo protagonistas de um servi\u00e7o importante no Brasil. Com certeza a implanta\u00e7\u00e3o desse servi\u00e7o ser\u00e1 de muito sucesso\u201d.&nbsp;<\/p>\n<p>J\u00e1 o presidente do Sindicato do Comercio Varejista (Sincom\u00e9rcio), Omar&nbsp; Abdul Assaf, disse que quando foi chamado para participar do conv\u00eanio aceitou de primeira ordem. \u201cA Associa\u00e7\u00e3o Comercial de Santos tem uma grande credibilidade. Eu, como presidente do sindicato e diretor da casa, n\u00e3o tenho d\u00favidas que esse servi\u00e7o vai ajudar a desafogar o judici\u00e1rio. A c\u00e2mara vai trazer solu\u00e7\u00f5es r\u00e1pidas e agradar ambas as partes. Algo, que at\u00e9 hoje, era dificilmente atingido pelo judici\u00e1rio\u201d.&nbsp;&nbsp;<\/p>\n<p><img loading=\"lazy\" decoding=\"async\" class=\" size-full wp-image-85717\" src=\"http:\/\/127.0.0.1\/acs\/wp-content\/uploads\/2019\/02\/WEB_2019_FEVEREIRO_INAUGURA-W_INAUGURA_0114.jpg\" width=\"570\" height=\"422\" srcset=\"https:\/\/acs.org.br\/academy\/wp-content\/uploads\/2019\/02\/WEB_2019_FEVEREIRO_INAUGURA-W_INAUGURA_0114.jpg 570w, https:\/\/acs.org.br\/academy\/wp-content\/uploads\/2019\/02\/WEB_2019_FEVEREIRO_INAUGURA-W_INAUGURA_0114-300x222.jpg 300w\" sizes=\"(max-width: 570px) 100vw, 570px\" \/><\/p>\n<p>O advogado e diretor-jur\u00eddico da ACS, Maur\u00edcio Cury, contou que a ideia nasceu de um projeto pronto da CBMAE S\u00e3o Paulo. \u201cConhecemos o servi\u00e7o na capital e trouxemos \u00e0 regi\u00e3o.&nbsp; Cury alertou para um diferencial no servi\u00e7o.\u201d No judici\u00e1rio, todos tem o acesso ao processo a n\u00e3o ser que ele seja resguardado de segredo de justi\u00e7a. J\u00e1 nas c\u00e2maras, o sigilo \u00e9 absoluto, e isso j\u00e1 \u00e9 uma grande vantagem\u201d.&nbsp;&nbsp;<\/p>\n<p><strong>Palestra&nbsp;<\/strong><\/p>\n<p>A solenidade de abertura foi&nbsp; realizada \u00e0s 18 horas e contou com a palestra da advogada e mediadora Silvia Brega. O tema &#8220;C\u00e2mara de Media\u00e7\u00e3o e Arbitragem: vantagens para os empres\u00e1rios&#8221;.&nbsp;<\/p>\n<p><img loading=\"lazy\" decoding=\"async\" class=\" size-full wp-image-85718\" src=\"http:\/\/127.0.0.1\/acs\/wp-content\/uploads\/2019\/02\/WEB_2019_FEVEREIRO_INAUGURA-W_INAUGURA_0124.jpg\" width=\"570\" height=\"449\" srcset=\"https:\/\/acs.org.br\/academy\/wp-content\/uploads\/2019\/02\/WEB_2019_FEVEREIRO_INAUGURA-W_INAUGURA_0124.jpg 570w, https:\/\/acs.org.br\/academy\/wp-content\/uploads\/2019\/02\/WEB_2019_FEVEREIRO_INAUGURA-W_INAUGURA_0124-300x236.jpg 300w\" sizes=\"(max-width: 570px) 100vw, 570px\" \/><\/p>\n<p>A advogada explicou a todos os convidados como funciona a c\u00e2mara e as vantagens que ela traz tanto para as empresas como para fornecedores e advogados. \u201c\u00c9 importante salientar o papel do advogado nessas c\u00e2maras.&nbsp; H\u00e1 termos circunstanciais que \u00e9 importante ter o profissional da \u00e1rea para orientar os clientes. Sem d\u00favida, \u00e9 um servi\u00e7o que s\u00f3 tem a acrescentar e a ajudar muitos empres\u00e1rios\u201d.&nbsp;<\/p>\n<p><img loading=\"lazy\" decoding=\"async\" class=\" size-full wp-image-85719\" src=\"http:\/\/127.0.0.1\/acs\/wp-content\/uploads\/2019\/02\/WEB_2019_FEVEREIRO_INAUGURA-W_INAUGURA_0164.jpg\" width=\"570\" height=\"430\" srcset=\"https:\/\/acs.org.br\/academy\/wp-content\/uploads\/2019\/02\/WEB_2019_FEVEREIRO_INAUGURA-W_INAUGURA_0164.jpg 570w, https:\/\/acs.org.br\/academy\/wp-content\/uploads\/2019\/02\/WEB_2019_FEVEREIRO_INAUGURA-W_INAUGURA_0164-300x226.jpg 300w\" sizes=\"(max-width: 570px) 100vw, 570px\" \/><\/p>\n<p>Palestra Silvia Brega &#8211;<strong> <a target=\"_blank\" href=\"http:\/\/127.0.0.1\/acs\/wp-content\/uploads\/2019\/02\/PDF_2019_FEVEREIRO_2019-02-14-CBMAE-ACS-PALESTRA-Silvia-Brega.pdf\" rel=\"noopener\">apresenta\u00e7\u00e3o<\/a>&nbsp;<\/strong><\/p>\n<p><strong>Servi\u00e7o<\/strong><\/p>\n<p>A C\u00e2mara de Arbitragem da ACS funciona de segunda a sexta-feira, das 8h \u00e0s 12h,e das 14 \u00e0s 18h, no edif\u00edcio-sede da entidade, no Centro de Santos, na Rua&nbsp; XV de Novembro, 137. O telefone para outras informa\u00e7\u00f5es \u00e9 3212-8200<\/p>\n<p>Os valores variam conforme o procedimento e o valor da demanda. Para os associados da ACS, h\u00e1 30% de desconto sobre as taxas da C\u00e2mara, conforme tabela de custas.<\/p>\n<p><strong>Curso<\/strong><\/p>\n<p>As inscri\u00e7\u00f5es para o Curso de Media\u00e7\u00e3o Empresarial da CBMAE seguem at\u00e9 segunda-feira (18). No curso,&nbsp; ser\u00e3o ensinadas t\u00e9cnicas e conceitos de negocia\u00e7\u00e3o e de media\u00e7\u00e3o, bem como realizadas simula\u00e7\u00f5es e estudos de caso. A carga hor\u00e1ria \u00e9 de 80 horas.<\/p>\n<p>O custo \u00e9 de R$ 600,00, sendo que associados da ACS t\u00eam 30% de desconto e associados da OAB\/Santos e Sincom\u00e9rcio t\u00eam 20%. As aulas se iniciam&nbsp; nos dias 22 de fevereiro (on-line) e 22 a 24 de mar\u00e7o no modo presencial.<\/p>\n<p>O curso \u00e9 aberto ao p\u00fablico e tem vagas limitadas para maior aproveitamento da turma. Interessados podem se inscrever pelo telefone (13) 3212-8200 ou pelo e-mail <a href=\"mailto:cbmae@acs.org.br\">cbmae@acs.org.br<\/a>.<\/p>\n<p>\u00a0<\/p>\n","protected":false},"excerpt":{"rendered":"<p>Fonte: Departamento de Comunica\u00e7\u00e3o \u2013 ACS Modelo trazido pela CACB agiliza andamento de processos envolvendo conflitos entre empresas A Associa\u00e7\u00e3o Comercial de Santos (ACS) inaugurou na noite desta quinta-feira (14) sua C\u00e2mara Brasileira de Media\u00e7\u00e3o e Arbitragem Empresarial (CBMAE). A proposta do servi\u00e7o \u00e9 que as empresas resolvam problemas com fornecedores ou clientes sem a [&hellip;]<\/p>\n","protected":false},"author":1,"featured_media":85713,"comment_status":"open","ping_status":"open","sticky":false,"template":"","format":"standard","meta":{"footnotes":""},"categories":[84],"tags":[],"_links":{"self":[{"href":"https:\/\/acs.org.br\/academy\/wp-json\/wp\/v2\/posts\/85721"}],"collection":[{"href":"https:\/\/acs.org.br\/academy\/wp-json\/wp\/v2\/posts"}],"about":[{"href":"https:\/\/acs.org.br\/academy\/wp-json\/wp\/v2\/types\/post"}],"author":[{"embeddable":true,"href":"https:\/\/acs.org.br\/academy\/wp-json\/wp\/v2\/users\/1"}],"replies":[{"embeddable":true,"href":"https:\/\/acs.org.br\/academy\/wp-json\/wp\/v2\/comments?post=85721"}],"version-history":[{"count":0,"href":"https:\/\/acs.org.br\/academy\/wp-json\/wp\/v2\/posts\/85721\/revisions"}],"wp:featuredmedia":[{"embeddable":true,"href":"https:\/\/acs.org.br\/academy\/wp-json\/wp\/v2\/media\/85713"}],"wp:attachment":[{"href":"https:\/\/acs.org.br\/academy\/wp-json\/wp\/v2\/media?parent=85721"}],"wp:term":[{"taxonomy":"category","embeddable":true,"href":"https:\/\/acs.org.br\/academy\/wp-json\/wp\/v2\/categories?post=85721"},{"taxonomy":"post_tag","embeddable":true,"href":"https:\/\/acs.org.br\/academy\/wp-json\/wp\/v2\/tags?post=85721"}],"curies":[{"name":"wp","href":"https:\/\/api.w.org\/{rel}","templated":true}]}}