{"id":85656,"date":"2019-02-13T08:16:43","date_gmt":"2019-02-13T10:16:43","guid":{"rendered":"http:\/\/127.0.0.1\/acs\/camara-de-petroleo-e-gas-da-acs-define-detalhes-para-inauguracao-de-cadastro-regional-de-empresas-fornecedoras-do-segmento\/"},"modified":"2019-02-13T08:16:43","modified_gmt":"2019-02-13T10:16:43","slug":"camara-de-petroleo-e-gas-da-acs-define-detalhes-para-inauguracao-de-cadastro-regional-de-empresas-fornecedoras-do-segmento","status":"publish","type":"post","link":"https:\/\/acs.org.br\/academy\/camara-de-petroleo-e-gas-da-acs-define-detalhes-para-inauguracao-de-cadastro-regional-de-empresas-fornecedoras-do-segmento\/","title":{"rendered":"C\u00e2mara de Petr\u00f3leo e G\u00e1s da ACS define detalhes para inaugura\u00e7\u00e3o de  cadastro regional de empresas fornecedoras do segmento"},"content":{"rendered":"<p>Fonte: Departamento de Comunica\u00e7\u00e3o ACS<\/p>\n<p>Durante reuni\u00e3o da C\u00e2mara Setorial de Petr\u00f3leo e G\u00e1s da Associa\u00e7\u00e3o Comercial de Santos (ACS), realizada nesta ter\u00e7a-feira (12), foram definidos os&nbsp; detalhes para o lan\u00e7amento do site que ir\u00e1 possibilitar&nbsp; o cadastro regional de empresas interessadas em fornecer produtos e servi\u00e7os para petrol\u00edferas que t\u00eam inten\u00e7\u00e3o de operar na regi\u00e3o.A iniciativa \u00e9 uma parceria entre a Associa\u00e7\u00e3o Comercial de Santos e o Sebrae-SP (Servi\u00e7o Brasileiro de Apoio \u00e0s Micro e Pequenas Empresas).&nbsp;<\/p>\n<p>O objetivo \u00e9 que a lista seja repassada ao Instituto Brasileiro de Petr\u00f3leo, G\u00e1s e Biocombust\u00edveis (IBP) e \u00e0 Associa\u00e7\u00e3o Brasileira das Empresas de Servi\u00e7os de Petr\u00f3leo (Abespetro), para que as institui\u00e7\u00f5es tenham um panorama regional sobre essas empresas, de modo a repassar para os reais interessados, que s\u00e3o seus associados.<\/p>\n<p>Al\u00e9m disso, a cria\u00e7\u00e3o do cadastro \u00e9 uma das estrat\u00e9gias da C\u00e2mara para tentar criar um ambiente para a instala\u00e7\u00e3o de uma base offshore na Baixada Santista, que abastecer\u00e1, com produtos e servi\u00e7os, as plataformas da Petrobras. A ideia \u00e9 que essa base seja constru\u00edda e operada pela iniciativa privada.<\/p>\n<p><img loading=\"lazy\" decoding=\"async\" class=\" size-full wp-image-85653\" src=\"http:\/\/127.0.0.1\/acs\/wp-content\/uploads\/2019\/02\/WEB_2019_FEVEREIRO_PETROLEO-W_PETROLEO_0010.jpg\" width=\"570\" height=\"437\" srcset=\"https:\/\/acs.org.br\/academy\/wp-content\/uploads\/2019\/02\/WEB_2019_FEVEREIRO_PETROLEO-W_PETROLEO_0010.jpg 570w, https:\/\/acs.org.br\/academy\/wp-content\/uploads\/2019\/02\/WEB_2019_FEVEREIRO_PETROLEO-W_PETROLEO_0010-300x230.jpg 300w\" sizes=\"(max-width: 570px) 100vw, 570px\" \/><\/p>\n<p>Petrobras<\/p>\n<p>&nbsp;Outra novidade da reuni\u00e3o foi a participa\u00e7\u00e3o do gerente de Planejamento e Gest\u00e3o da Petrobras, Laercio do Prado Freires.&nbsp; Ele alertou sobre a confus\u00e3o que a imprensa faz sobre a Bacia de Santos. \u201cTemos a Unidade de Opera\u00e7\u00f5es da Bacia de Santos (UO-BS) e quando tratamos do assunto pr\u00e9-sal, muitas pessoas confundem a origem do local. \u00c9 importante ressaltar essa diferen\u00e7a\u201d.&nbsp;<\/p>\n<p><img loading=\"lazy\" decoding=\"async\" class=\" size-full wp-image-85654\" src=\"http:\/\/127.0.0.1\/acs\/wp-content\/uploads\/2019\/02\/WEB_2019_FEVEREIRO_PETROLEO-W_PETROLEO_0006.jpg\" width=\"570\" height=\"453\" srcset=\"https:\/\/acs.org.br\/academy\/wp-content\/uploads\/2019\/02\/WEB_2019_FEVEREIRO_PETROLEO-W_PETROLEO_0006.jpg 570w, https:\/\/acs.org.br\/academy\/wp-content\/uploads\/2019\/02\/WEB_2019_FEVEREIRO_PETROLEO-W_PETROLEO_0006-300x238.jpg 300w\" sizes=\"(max-width: 570px) 100vw, 570px\" \/><\/p>\n<p>Freires est\u00e1 h\u00e1 quatro anos na unidade da Baixada Santista e explicou que a Petrobras tem trabalhado firme na quest\u00e3o de seguran\u00e7a e confiabilidade de ativos. \u201cFizemos todas uma restrutura\u00e7\u00e3o para que a UO-BS n\u00e3o crescesse individualmente.&nbsp;&nbsp;<\/p>\n<p><img loading=\"lazy\" decoding=\"async\" class=\" size-full wp-image-85655\" src=\"http:\/\/127.0.0.1\/acs\/wp-content\/uploads\/2019\/02\/WEB_2019_FEVEREIRO_PETROLEO-W_PETROLEO_0025.jpg\" width=\"570\" height=\"491\" srcset=\"https:\/\/acs.org.br\/academy\/wp-content\/uploads\/2019\/02\/WEB_2019_FEVEREIRO_PETROLEO-W_PETROLEO_0025.jpg 570w, https:\/\/acs.org.br\/academy\/wp-content\/uploads\/2019\/02\/WEB_2019_FEVEREIRO_PETROLEO-W_PETROLEO_0025-300x258.jpg 300w\" sizes=\"(max-width: 570px) 100vw, 570px\" \/><\/p>\n","protected":false},"excerpt":{"rendered":"<p>Fonte: Departamento de Comunica\u00e7\u00e3o ACS Durante reuni\u00e3o da C\u00e2mara Setorial de Petr\u00f3leo e G\u00e1s da Associa\u00e7\u00e3o Comercial de Santos (ACS), realizada nesta ter\u00e7a-feira (12), foram definidos os&nbsp; detalhes para o lan\u00e7amento do site que ir\u00e1 possibilitar&nbsp; o cadastro regional de empresas interessadas em fornecer produtos e servi\u00e7os para petrol\u00edferas que t\u00eam inten\u00e7\u00e3o de operar na [&hellip;]<\/p>\n","protected":false},"author":1,"featured_media":85652,"comment_status":"open","ping_status":"open","sticky":false,"template":"","format":"standard","meta":{"footnotes":""},"categories":[84],"tags":[],"_links":{"self":[{"href":"https:\/\/acs.org.br\/academy\/wp-json\/wp\/v2\/posts\/85656"}],"collection":[{"href":"https:\/\/acs.org.br\/academy\/wp-json\/wp\/v2\/posts"}],"about":[{"href":"https:\/\/acs.org.br\/academy\/wp-json\/wp\/v2\/types\/post"}],"author":[{"embeddable":true,"href":"https:\/\/acs.org.br\/academy\/wp-json\/wp\/v2\/users\/1"}],"replies":[{"embeddable":true,"href":"https:\/\/acs.org.br\/academy\/wp-json\/wp\/v2\/comments?post=85656"}],"version-history":[{"count":0,"href":"https:\/\/acs.org.br\/academy\/wp-json\/wp\/v2\/posts\/85656\/revisions"}],"wp:featuredmedia":[{"embeddable":true,"href":"https:\/\/acs.org.br\/academy\/wp-json\/wp\/v2\/media\/85652"}],"wp:attachment":[{"href":"https:\/\/acs.org.br\/academy\/wp-json\/wp\/v2\/media?parent=85656"}],"wp:term":[{"taxonomy":"category","embeddable":true,"href":"https:\/\/acs.org.br\/academy\/wp-json\/wp\/v2\/categories?post=85656"},{"taxonomy":"post_tag","embeddable":true,"href":"https:\/\/acs.org.br\/academy\/wp-json\/wp\/v2\/tags?post=85656"}],"curies":[{"name":"wp","href":"https:\/\/api.w.org\/{rel}","templated":true}]}}