{"id":85651,"date":"2019-02-12T17:26:19","date_gmt":"2019-02-12T19:26:19","guid":{"rendered":"http:\/\/127.0.0.1\/acs\/associacao-comercial-de-santos-inaugura-camara-de-arbitragem-nesta-quinta-feira\/"},"modified":"2019-02-12T17:26:19","modified_gmt":"2019-02-12T19:26:19","slug":"associacao-comercial-de-santos-inaugura-camara-de-arbitragem-nesta-quinta-feira","status":"publish","type":"post","link":"https:\/\/acs.org.br\/academy\/associacao-comercial-de-santos-inaugura-camara-de-arbitragem-nesta-quinta-feira\/","title":{"rendered":"Associa\u00e7\u00e3o Comercial de Santos inaugura C\u00e2mara de Arbitragem nesta quinta-feira"},"content":{"rendered":"<p>Fonte: Departamento de Comunica\u00e7\u00e3o da ACS<\/p>\n<p>J\u00e1 com parceria firmada com a&nbsp; OAB e o Sindicato do Com\u00e9rcio Varejista da Baixada Santista (Sincom\u00e9rcio), a Associa\u00e7\u00e3o Comercial de Santos (ACS), junto com a&nbsp; CBMAE, ir\u00e1 inaugurar nesta quinta-feira (14) uma unidade da C\u00e2mara Brasileira de Media\u00e7\u00e3o e Arbitragem Empresarial.<\/p>\n<p>A solenidade de abertura ser\u00e1 realizada \u00e0s 18 horas, e contar\u00e1 com a palestra da advogada e mediadora Silvia Brega. O tema ser\u00e1 &#8220;C\u00e2mara de Media\u00e7\u00e3o e Arbitragem: vantagens para os empres\u00e1rios&#8221;.<\/p>\n<p>A proposta do servi\u00e7o \u00e9 que as empresas possam resolver problemas com fornecedores ou clientes sem a necessidade de entrarem com a\u00e7\u00f5es na Justi\u00e7a, algo que costuma consumir tempo e dinheiro. Dentro da C\u00e2mara, que passa a funcionar na ACS, o objetivo \u00e9 encontrar solu\u00e7\u00f5es para os conflitos de uma maneira mais eficaz, c\u00e9lere e sigilosa.<br \/>Servi\u00e7o<\/p>\n<p>A C\u00e2mara de Arbitragem da ACS funcionar\u00e1 de segunda a sexta-feira, das 8h \u00e0s 12h,e das 14 \u00e0s 18h, no edif\u00edcio-sede da entidade, no Centro de Santos, na Rua XV de Novembro, 137. Os valores variam conforme o procedimento e o valor da demanda. Para os associados da ACS, h\u00e1 30% de desconto sobre as taxas da C\u00e2mara, conforme tabela de custas. Vale lembrar que a iniciativa tem o apoio do Sindicato do Com\u00e9rcio Varejista da Baixada Santista e da OAB\/Subse\u00e7\u00e3o Santos.<\/p>\n","protected":false},"excerpt":{"rendered":"<p>Fonte: Departamento de Comunica\u00e7\u00e3o da ACS J\u00e1 com parceria firmada com a&nbsp; OAB e o Sindicato do Com\u00e9rcio Varejista da Baixada Santista (Sincom\u00e9rcio), a Associa\u00e7\u00e3o Comercial de Santos (ACS), junto com a&nbsp; CBMAE, ir\u00e1 inaugurar nesta quinta-feira (14) uma unidade da C\u00e2mara Brasileira de Media\u00e7\u00e3o e Arbitragem Empresarial. A solenidade de abertura ser\u00e1 realizada \u00e0s [&hellip;]<\/p>\n","protected":false},"author":1,"featured_media":0,"comment_status":"open","ping_status":"open","sticky":false,"template":"","format":"standard","meta":{"footnotes":""},"categories":[84],"tags":[],"_links":{"self":[{"href":"https:\/\/acs.org.br\/academy\/wp-json\/wp\/v2\/posts\/85651"}],"collection":[{"href":"https:\/\/acs.org.br\/academy\/wp-json\/wp\/v2\/posts"}],"about":[{"href":"https:\/\/acs.org.br\/academy\/wp-json\/wp\/v2\/types\/post"}],"author":[{"embeddable":true,"href":"https:\/\/acs.org.br\/academy\/wp-json\/wp\/v2\/users\/1"}],"replies":[{"embeddable":true,"href":"https:\/\/acs.org.br\/academy\/wp-json\/wp\/v2\/comments?post=85651"}],"version-history":[{"count":0,"href":"https:\/\/acs.org.br\/academy\/wp-json\/wp\/v2\/posts\/85651\/revisions"}],"wp:attachment":[{"href":"https:\/\/acs.org.br\/academy\/wp-json\/wp\/v2\/media?parent=85651"}],"wp:term":[{"taxonomy":"category","embeddable":true,"href":"https:\/\/acs.org.br\/academy\/wp-json\/wp\/v2\/categories?post=85651"},{"taxonomy":"post_tag","embeddable":true,"href":"https:\/\/acs.org.br\/academy\/wp-json\/wp\/v2\/tags?post=85651"}],"curies":[{"name":"wp","href":"https:\/\/api.w.org\/{rel}","templated":true}]}}