{"id":85620,"date":"2019-02-08T18:43:15","date_gmt":"2019-02-08T20:43:15","guid":{"rendered":"http:\/\/127.0.0.1\/acs\/frente\/"},"modified":"2019-02-08T18:43:15","modified_gmt":"2019-02-08T20:43:15","slug":"frente","status":"publish","type":"post","link":"https:\/\/acs.org.br\/academy\/frente\/","title":{"rendered":"Associa\u00e7\u00e3o Comercial de Santos sedia reuni\u00e3o para debater o futuro do Porto"},"content":{"rendered":"<p>Fonte: Departamento de Comunica\u00e7\u00e3o da ACS<\/p>\n<p>A Associa\u00e7\u00e3o Comercial de Santos (ACS) recebeu, na tarde desta sexta-feira (08), uma reuni\u00e3o entre lideran\u00e7as pol\u00edticas e sindicalistas para debater o futuro do Porto de Santos.&nbsp; A iniciativa do encontro foi do deputado federal J\u00fanior Bozzella (PSL).<\/p>\n<p>Estiveram presentes o presidente da ACS Roberto Clemente Santini, o vice-presidente Vicente de Paulo Vieira do Valle, o diretor-executivo Marcio Calves, a deputada federal Rosana Valle,&nbsp; o deputado estadual Paulo Correa Junior, o vice-prefeito de Santos, Sandoval Soares, e o presidente da C\u00e2mara de Vereadores de Santos Rui de Rossis, entre outras autoridades pol\u00edticas e sindicais<\/p>\n<p>O presidente da Associa\u00e7\u00e3o Comercial de Santos Roberto Clemente Santini abriu o encontro falando sobre a import\u00e2ncia da iniciativa e enfatizou que a ACS estar\u00e1 sempre aberta a receber este tipo de debate. &#8220;Quero parabenizar os parlamentares. N\u00e3o temos nem um m\u00eas de mandato e j\u00e1 temos essa frente parlamentar levantando quest\u00f5es importantes &#8220;.<\/p>\n<p>J\u00e1 o vice-presidente da ACS, Vicente do Valle, chamou a aten\u00e7\u00e3o para a quest\u00e3o das cargas, que&nbsp; \u00e9 um assunto essencial no Porto de Santos. &#8220;Como podemos movimentar a carga da forma mais eficiente poss\u00edvel? Pouco se fala sobre isso&#8221;. Outro problema relatado pelo vice-presidente foi&nbsp; a distribui\u00e7\u00e3o da arrecada\u00e7\u00e3o dos tributos. &#8220;Precisamos repensar na verba que n\u00e3o fica na regi\u00e3o. N\u00f3s n\u00e3o ficamos com uma fatia do ICMS arrecadado sobre a importa\u00e7\u00e3o.&nbsp; A lei precisa ser revista\u201d.&nbsp;<\/p>\n<p><img loading=\"lazy\" decoding=\"async\" class=\" size-full wp-image-85615\" src=\"http:\/\/127.0.0.1\/acs\/wp-content\/uploads\/2019\/02\/WEB_2019_FEVEREIRO_FRENTE-W_FRENTE_0019.jpg\" width=\"570\" height=\"448\" srcset=\"https:\/\/acs.org.br\/academy\/wp-content\/uploads\/2019\/02\/WEB_2019_FEVEREIRO_FRENTE-W_FRENTE_0019.jpg 570w, https:\/\/acs.org.br\/academy\/wp-content\/uploads\/2019\/02\/WEB_2019_FEVEREIRO_FRENTE-W_FRENTE_0019-300x236.jpg 300w\" sizes=\"(max-width: 570px) 100vw, 570px\" \/><\/p>\n<p>A pauta do encontro foi levantar problemas e solu\u00e7\u00f5es para levar \u00e0 audi\u00eancia que ser\u00e1 realizada com o ministro da Infraestrutura, Tarc\u00edsio Gomes,&nbsp; no pr\u00f3ximo dia 13, em Bras\u00edlia.&nbsp; Para isso, o deputado&nbsp; Junior Bozella convidou a deputada Rosana Valle a assinar e fazer parte da frente parlamentar para conseguir voz ativa em Bras\u00edlia.&nbsp;&nbsp; &#8220;A ideia do encontro foi formalizar um grupo de trabalho para unificar as pautas comuns a trabalhadores e empres\u00e1rios e levar para o ministro&#8221;.<\/p>\n<p>Durante o encontro,&nbsp; v\u00e1rios sindicalistas e autoridades portu\u00e1rias pontuaram quest\u00f5es que dever\u00e3o ser discutidas e levadas \u00e0 Frente Parlamentar em Bras\u00edlia.<\/p>\n<p><img loading=\"lazy\" decoding=\"async\" class=\" size-full wp-image-85616\" src=\"http:\/\/127.0.0.1\/acs\/wp-content\/uploads\/2019\/02\/WEB_2019_FEVEREIRO_FRENTE-W_FRENTE_0025.jpg\" width=\"570\" height=\"450\" srcset=\"https:\/\/acs.org.br\/academy\/wp-content\/uploads\/2019\/02\/WEB_2019_FEVEREIRO_FRENTE-W_FRENTE_0025.jpg 570w, https:\/\/acs.org.br\/academy\/wp-content\/uploads\/2019\/02\/WEB_2019_FEVEREIRO_FRENTE-W_FRENTE_0025-300x237.jpg 300w\" sizes=\"(max-width: 570px) 100vw, 570px\" \/><\/p>\n<p><img loading=\"lazy\" decoding=\"async\" class=\" size-full wp-image-85617\" src=\"http:\/\/127.0.0.1\/acs\/wp-content\/uploads\/2019\/02\/WEB_2019_FEVEREIRO_FRENTE-W_FRENTE_0039.jpg\" width=\"570\" height=\"414\" srcset=\"https:\/\/acs.org.br\/academy\/wp-content\/uploads\/2019\/02\/WEB_2019_FEVEREIRO_FRENTE-W_FRENTE_0039.jpg 570w, https:\/\/acs.org.br\/academy\/wp-content\/uploads\/2019\/02\/WEB_2019_FEVEREIRO_FRENTE-W_FRENTE_0039-300x218.jpg 300w\" sizes=\"(max-width: 570px) 100vw, 570px\" \/><\/p>\n<p><img loading=\"lazy\" decoding=\"async\" class=\" size-full wp-image-85618\" src=\"http:\/\/127.0.0.1\/acs\/wp-content\/uploads\/2019\/02\/WEB_2019_FEVEREIRO_FRENTE-W_FRENTE_0083.jpg\" width=\"570\" height=\"428\" srcset=\"https:\/\/acs.org.br\/academy\/wp-content\/uploads\/2019\/02\/WEB_2019_FEVEREIRO_FRENTE-W_FRENTE_0083.jpg 570w, https:\/\/acs.org.br\/academy\/wp-content\/uploads\/2019\/02\/WEB_2019_FEVEREIRO_FRENTE-W_FRENTE_0083-300x225.jpg 300w\" sizes=\"(max-width: 570px) 100vw, 570px\" \/><\/p>\n<p><img loading=\"lazy\" decoding=\"async\" class=\" size-full wp-image-85619\" src=\"http:\/\/127.0.0.1\/acs\/wp-content\/uploads\/2019\/02\/WEB_2019_FEVEREIRO_FRENTE-W_FRENTE_0097.jpg\" width=\"570\" height=\"409\" srcset=\"https:\/\/acs.org.br\/academy\/wp-content\/uploads\/2019\/02\/WEB_2019_FEVEREIRO_FRENTE-W_FRENTE_0097.jpg 570w, https:\/\/acs.org.br\/academy\/wp-content\/uploads\/2019\/02\/WEB_2019_FEVEREIRO_FRENTE-W_FRENTE_0097-300x215.jpg 300w\" sizes=\"(max-width: 570px) 100vw, 570px\" \/><\/p>\n","protected":false},"excerpt":{"rendered":"<p>Fonte: Departamento de Comunica\u00e7\u00e3o da ACS A Associa\u00e7\u00e3o Comercial de Santos (ACS) recebeu, na tarde desta sexta-feira (08), uma reuni\u00e3o entre lideran\u00e7as pol\u00edticas e sindicalistas para debater o futuro do Porto de Santos.&nbsp; A iniciativa do encontro foi do deputado federal J\u00fanior Bozzella (PSL). Estiveram presentes o presidente da ACS Roberto Clemente Santini, o vice-presidente [&hellip;]<\/p>\n","protected":false},"author":1,"featured_media":85614,"comment_status":"open","ping_status":"open","sticky":false,"template":"","format":"standard","meta":{"footnotes":""},"categories":[84],"tags":[],"_links":{"self":[{"href":"https:\/\/acs.org.br\/academy\/wp-json\/wp\/v2\/posts\/85620"}],"collection":[{"href":"https:\/\/acs.org.br\/academy\/wp-json\/wp\/v2\/posts"}],"about":[{"href":"https:\/\/acs.org.br\/academy\/wp-json\/wp\/v2\/types\/post"}],"author":[{"embeddable":true,"href":"https:\/\/acs.org.br\/academy\/wp-json\/wp\/v2\/users\/1"}],"replies":[{"embeddable":true,"href":"https:\/\/acs.org.br\/academy\/wp-json\/wp\/v2\/comments?post=85620"}],"version-history":[{"count":0,"href":"https:\/\/acs.org.br\/academy\/wp-json\/wp\/v2\/posts\/85620\/revisions"}],"wp:featuredmedia":[{"embeddable":true,"href":"https:\/\/acs.org.br\/academy\/wp-json\/wp\/v2\/media\/85614"}],"wp:attachment":[{"href":"https:\/\/acs.org.br\/academy\/wp-json\/wp\/v2\/media?parent=85620"}],"wp:term":[{"taxonomy":"category","embeddable":true,"href":"https:\/\/acs.org.br\/academy\/wp-json\/wp\/v2\/categories?post=85620"},{"taxonomy":"post_tag","embeddable":true,"href":"https:\/\/acs.org.br\/academy\/wp-json\/wp\/v2\/tags?post=85620"}],"curies":[{"name":"wp","href":"https:\/\/api.w.org\/{rel}","templated":true}]}}