{"id":85607,"date":"2019-02-08T10:22:01","date_gmt":"2019-02-08T12:22:01","guid":{"rendered":"http:\/\/127.0.0.1\/acs\/camara-setorial-de-instituicoes-de-ensino-da-acs-realiza-primeira-reuniao-do-ano-e-apresenta-projetos-para-2019\/"},"modified":"2019-02-08T10:22:01","modified_gmt":"2019-02-08T12:22:01","slug":"camara-setorial-de-instituicoes-de-ensino-da-acs-realiza-primeira-reuniao-do-ano-e-apresenta-projetos-para-2019","status":"publish","type":"post","link":"https:\/\/acs.org.br\/academy\/camara-setorial-de-instituicoes-de-ensino-da-acs-realiza-primeira-reuniao-do-ano-e-apresenta-projetos-para-2019\/","title":{"rendered":"C\u00e2mara Setorial de Institui\u00e7\u00f5es de Ensino da ACS realiza primeira reuni\u00e3o do ano e apresenta projetos para 2019"},"content":{"rendered":"<p>Fonte: Departamento de<\/p>\n<p>Comunica\u00e7\u00e3o \u2013 ACS<\/p>\n<p>Em sua primeira reuni\u00e3o do ano, realizada nesta quinta-feira (11),&nbsp; na Associa\u00e7\u00e3o Comercial de Santos (ACS), a coordenadora da C\u00e2mara Setorial das Institui\u00e7\u00f5es de Ensino, S\u00edlvia Teixeira Penteado, definiu com os representantes das institui\u00e7\u00f5es de ensino associadas&nbsp; os primeiros projetos e a agenda que ser\u00e3o realizados ao longo do&nbsp; ano.<\/p>\n<p>Participaram do encontro o diretor-executivo da ACS, Marcio Calves, e representantes das institui\u00e7\u00f5es de ensino associadas.&nbsp; A coordenadora da C\u00e2mara, S\u00edlvia Teixeira Penteado, \u201cenalteceu as institui\u00e7\u00f5es parceiras como refer\u00eancia de uni\u00e3o de esfor\u00e7os e do amplo di\u00e1logo entre os pares\u201d e a seguir apresentou os Grupos de Trabalho da C\u00e2mara que apresentaram as propostas para 2019.&nbsp;<\/p>\n<p> Dr. Sierra (Dom Cabral) \u00e9 especialista em Programas de Inova\u00e7\u00e3o e estar\u00e1 na ACS em abril para debater os cen\u00e1rios da Regi\u00e3o e a sustentabilidade das empresas. E em maio, est\u00e1 prevista a 3\u00aa Rodada da Cidadania. A Profa. S\u00edlvia explicou que o Semin\u00e1rio deve envolver&nbsp; todas as C\u00e2maras e convidados. \u201cJ\u00e1 definimos a tem\u00e1tica sobre o Porto de Santos e est\u00e3o previstas contribui\u00e7\u00f5es interessantes no Painel com as presen\u00e7as a serem confirmadas do Presidente da CODESP e do Ministro dos Portos. Um evento enriquecedor para o momento do Pa\u00eds\u201d.<\/p>\n<p>Na reuni\u00e3o, no Programa da C\u00e2mara de Ensino \u201c Melhores Pr\u00e1ticas Institucionais\u201d, os professores Rita de C\u00e1ssia da Silva Coimbra e Thiago Rozinelli&nbsp; apresentaram&nbsp; os servi\u00e7os fornecidos pelo Senac e a import\u00e2ncia das prefeituras firmarem parcerias com o \u00f3rg\u00e3o para que o servi\u00e7o seja expandido para toda a popula\u00e7\u00e3o.&nbsp;&nbsp;<\/p>\n<p>A professora Rita de C\u00e1ssia analisou o encontro como produtivo. \u201cA reuni\u00e3o foi muito motivadora. Aqui encontro pessoas que n\u00e3o ficam s\u00f3 sonhando, elas v\u00e3o para a execu\u00e7\u00e3o. O&nbsp; mundo carece de a\u00e7\u00e3o e execu\u00e7\u00e3o. Sou feliz em fazer parte dessa comiss\u00e3o e que a gente realmente leve para todos os cantos o sentido da Educa\u00e7\u00e3o\u201d.<\/p>\n<p>Um pr\u00f3ximo encontro da C\u00e2mara est\u00e1 marcado para o dia 14 de mar\u00e7o, onde ser\u00e3o pontuadas propostas para o 2\u00ba semestre de 2019 e a apresenta\u00e7\u00e3o das Melhores Pr\u00e1ticas da UNIFESP (Universidade Federal de S\u00e3o Paulo- Campus Baixada Santista).<\/p>\n<p><\/p>\n<div><\/div>\n<div><img loading=\"lazy\" decoding=\"async\" class=\" size-full wp-image-85604\" src=\"http:\/\/127.0.0.1\/acs\/wp-content\/uploads\/2019\/02\/WEB_2019_FEVEREIRO_CAMARAEDUCACAO_camaraeducacao0702_02.jpg\" width=\"570\" height=\"372\" srcset=\"https:\/\/acs.org.br\/academy\/wp-content\/uploads\/2019\/02\/WEB_2019_FEVEREIRO_CAMARAEDUCACAO_camaraeducacao0702_02.jpg 570w, https:\/\/acs.org.br\/academy\/wp-content\/uploads\/2019\/02\/WEB_2019_FEVEREIRO_CAMARAEDUCACAO_camaraeducacao0702_02-300x196.jpg 300w\" sizes=\"(max-width: 570px) 100vw, 570px\" \/><\/div>\n<div><\/div>\n<div><\/div>\n<div><\/div>\n<div><\/div>\n<div><img loading=\"lazy\" decoding=\"async\" class=\" size-full wp-image-85605\" src=\"http:\/\/127.0.0.1\/acs\/wp-content\/uploads\/2019\/02\/WEB_2019_FEVEREIRO_CAMARAEDUCACAO_camaraeducacao0702_03.jpg\" width=\"570\" height=\"380\" srcset=\"https:\/\/acs.org.br\/academy\/wp-content\/uploads\/2019\/02\/WEB_2019_FEVEREIRO_CAMARAEDUCACAO_camaraeducacao0702_03.jpg 570w, https:\/\/acs.org.br\/academy\/wp-content\/uploads\/2019\/02\/WEB_2019_FEVEREIRO_CAMARAEDUCACAO_camaraeducacao0702_03-300x200.jpg 300w\" sizes=\"(max-width: 570px) 100vw, 570px\" \/><\/div>\n<div><\/div>\n<div><\/div>\n<div><\/div>\n<div><\/div>\n<div><img loading=\"lazy\" decoding=\"async\" class=\" size-full wp-image-85606\" src=\"http:\/\/127.0.0.1\/acs\/wp-content\/uploads\/2019\/02\/WEB_2019_FEVEREIRO_CAMARAEDUCACAO_camaraeducacao0702_04.jpg\" width=\"570\" height=\"421\" srcset=\"https:\/\/acs.org.br\/academy\/wp-content\/uploads\/2019\/02\/WEB_2019_FEVEREIRO_CAMARAEDUCACAO_camaraeducacao0702_04.jpg 570w, https:\/\/acs.org.br\/academy\/wp-content\/uploads\/2019\/02\/WEB_2019_FEVEREIRO_CAMARAEDUCACAO_camaraeducacao0702_04-300x222.jpg 300w\" sizes=\"(max-width: 570px) 100vw, 570px\" \/><\/div>\n","protected":false},"excerpt":{"rendered":"<p>Fonte: Departamento de Comunica\u00e7\u00e3o \u2013 ACS Em sua primeira reuni\u00e3o do ano, realizada nesta quinta-feira (11),&nbsp; na Associa\u00e7\u00e3o Comercial de Santos (ACS), a coordenadora da C\u00e2mara Setorial das Institui\u00e7\u00f5es de Ensino, S\u00edlvia Teixeira Penteado, definiu com os representantes das institui\u00e7\u00f5es de ensino associadas&nbsp; os primeiros projetos e a agenda que ser\u00e3o realizados ao longo do&nbsp; [&hellip;]<\/p>\n","protected":false},"author":1,"featured_media":85603,"comment_status":"open","ping_status":"open","sticky":false,"template":"","format":"standard","meta":{"footnotes":""},"categories":[84],"tags":[],"_links":{"self":[{"href":"https:\/\/acs.org.br\/academy\/wp-json\/wp\/v2\/posts\/85607"}],"collection":[{"href":"https:\/\/acs.org.br\/academy\/wp-json\/wp\/v2\/posts"}],"about":[{"href":"https:\/\/acs.org.br\/academy\/wp-json\/wp\/v2\/types\/post"}],"author":[{"embeddable":true,"href":"https:\/\/acs.org.br\/academy\/wp-json\/wp\/v2\/users\/1"}],"replies":[{"embeddable":true,"href":"https:\/\/acs.org.br\/academy\/wp-json\/wp\/v2\/comments?post=85607"}],"version-history":[{"count":0,"href":"https:\/\/acs.org.br\/academy\/wp-json\/wp\/v2\/posts\/85607\/revisions"}],"wp:featuredmedia":[{"embeddable":true,"href":"https:\/\/acs.org.br\/academy\/wp-json\/wp\/v2\/media\/85603"}],"wp:attachment":[{"href":"https:\/\/acs.org.br\/academy\/wp-json\/wp\/v2\/media?parent=85607"}],"wp:term":[{"taxonomy":"category","embeddable":true,"href":"https:\/\/acs.org.br\/academy\/wp-json\/wp\/v2\/categories?post=85607"},{"taxonomy":"post_tag","embeddable":true,"href":"https:\/\/acs.org.br\/academy\/wp-json\/wp\/v2\/tags?post=85607"}],"curies":[{"name":"wp","href":"https:\/\/api.w.org\/{rel}","templated":true}]}}