{"id":85588,"date":"2019-02-05T11:45:00","date_gmt":"2019-02-05T13:45:00","guid":{"rendered":"http:\/\/127.0.0.1\/acs\/cbmae-acs-promove-curso-de-mediacao-empresarial-veja-como-se-inscrever\/"},"modified":"2019-02-05T11:45:00","modified_gmt":"2019-02-05T13:45:00","slug":"cbmae-acs-promove-curso-de-mediacao-empresarial-veja-como-se-inscrever","status":"publish","type":"post","link":"https:\/\/acs.org.br\/academy\/cbmae-acs-promove-curso-de-mediacao-empresarial-veja-como-se-inscrever\/","title":{"rendered":"CBMAE ACS promove curso de Media\u00e7\u00e3o Empresarial; veja como se inscrever"},"content":{"rendered":"<p>Fonte: Departamento de Comunica\u00e7\u00e3o &#8211; ACS<\/p>\n<p>A Associa\u00e7\u00e3o Comercial de Santos ir\u00e1 oferecer em fevereiro e mar\u00e7o, o Curso de Media\u00e7\u00e3o Empresarial da CBMAE, no qual ser\u00e3o ensinadas t\u00e9cnicas e conceitos de negocia\u00e7\u00e3o e de media\u00e7\u00e3o, bem como realizadas simula\u00e7\u00f5es e estudos de caso. A carga hor\u00e1ria \u00e9 de 80 horas.<\/p>\n<p>O custo \u00e9 de R$ 600,00, sendo que associados da ACS t\u00eam 30% de desconto e associados da OAB\/Santos e Sincom\u00e9rcio t\u00eam 20%. As aulas se iniciam&nbsp; nos dias 22 de fevereiro (on-line) e 22 a 24 de mar\u00e7o no modo presencial.<\/p>\n<p>O curso \u00e9 aberto ao p\u00fablico e tem vagas limitadas para maior aproveitamento da turma.&nbsp;Interessados podem se inscrever at\u00e9 o dia 18 de fevereiro pelo telefone (13) 3212-8200 ou pelo e-mail <a href=\"mailto:cbmae@acs.org.br\">cbmae@acs.org.br<\/a>. &nbsp;A iniciativa tem o apoio da Sincom\u00e9rcio e OAB-Santos.<\/p>\n","protected":false},"excerpt":{"rendered":"<p>Fonte: Departamento de Comunica\u00e7\u00e3o &#8211; ACS A Associa\u00e7\u00e3o Comercial de Santos ir\u00e1 oferecer em fevereiro e mar\u00e7o, o Curso de Media\u00e7\u00e3o Empresarial da CBMAE, no qual ser\u00e3o ensinadas t\u00e9cnicas e conceitos de negocia\u00e7\u00e3o e de media\u00e7\u00e3o, bem como realizadas simula\u00e7\u00f5es e estudos de caso. A carga hor\u00e1ria \u00e9 de 80 horas. O custo \u00e9 de [&hellip;]<\/p>\n","protected":false},"author":1,"featured_media":85587,"comment_status":"open","ping_status":"open","sticky":false,"template":"","format":"standard","meta":{"footnotes":""},"categories":[84],"tags":[],"_links":{"self":[{"href":"https:\/\/acs.org.br\/academy\/wp-json\/wp\/v2\/posts\/85588"}],"collection":[{"href":"https:\/\/acs.org.br\/academy\/wp-json\/wp\/v2\/posts"}],"about":[{"href":"https:\/\/acs.org.br\/academy\/wp-json\/wp\/v2\/types\/post"}],"author":[{"embeddable":true,"href":"https:\/\/acs.org.br\/academy\/wp-json\/wp\/v2\/users\/1"}],"replies":[{"embeddable":true,"href":"https:\/\/acs.org.br\/academy\/wp-json\/wp\/v2\/comments?post=85588"}],"version-history":[{"count":0,"href":"https:\/\/acs.org.br\/academy\/wp-json\/wp\/v2\/posts\/85588\/revisions"}],"wp:featuredmedia":[{"embeddable":true,"href":"https:\/\/acs.org.br\/academy\/wp-json\/wp\/v2\/media\/85587"}],"wp:attachment":[{"href":"https:\/\/acs.org.br\/academy\/wp-json\/wp\/v2\/media?parent=85588"}],"wp:term":[{"taxonomy":"category","embeddable":true,"href":"https:\/\/acs.org.br\/academy\/wp-json\/wp\/v2\/categories?post=85588"},{"taxonomy":"post_tag","embeddable":true,"href":"https:\/\/acs.org.br\/academy\/wp-json\/wp\/v2\/tags?post=85588"}],"curies":[{"name":"wp","href":"https:\/\/api.w.org\/{rel}","templated":true}]}}