{"id":85517,"date":"2019-01-31T11:50:00","date_gmt":"2019-01-31T13:50:00","guid":{"rendered":"http:\/\/127.0.0.1\/acs\/praca-no-centro-historico-de-santos-e-recuperada-apos-pichacao-jornal-da-orla-28-01-2019\/"},"modified":"2019-01-31T11:50:00","modified_gmt":"2019-01-31T13:50:00","slug":"praca-no-centro-historico-de-santos-e-recuperada-apos-pichacao-jornal-da-orla-28-01-2019","status":"publish","type":"post","link":"https:\/\/acs.org.br\/academy\/praca-no-centro-historico-de-santos-e-recuperada-apos-pichacao-jornal-da-orla-28-01-2019\/","title":{"rendered":"Pra\u00e7a no Centro Hist\u00f3rico de Santos \u00e9 recuperada ap\u00f3s picha\u00e7\u00e3o &#8211; Jornal da Orla &#8211; 28\/01\/2019"},"content":{"rendered":"<p>Fonte: Jornal da Orla&nbsp;<\/p>\n<p>A Pra\u00e7a Azevedo J\u00fanior, que fica no Centro Hist\u00f3rico, foi recuperada pela Associa\u00e7\u00e3o Comercial de Santos (ACS) nesta semana ap\u00f3s ter sido pichada.<\/p>\n<p><a target=\"_blank\" href=\"http:\/\/127.0.0.1\/acs\/wp-content\/uploads\/2019\/01\/PDF_2019_JANEIRO_PRACA-ORLA-28.pdf\" rel=\"noopener\">LEIA MAIS&#8230;<\/a><\/p>\n<p>\u00a0<\/p>\n","protected":false},"excerpt":{"rendered":"<p>Fonte: Jornal da Orla&nbsp; A Pra\u00e7a Azevedo J\u00fanior, que fica no Centro Hist\u00f3rico, foi recuperada pela Associa\u00e7\u00e3o Comercial de Santos (ACS) nesta semana ap\u00f3s ter sido pichada. LEIA MAIS&#8230; \u00a0<\/p>\n","protected":false},"author":1,"featured_media":0,"comment_status":"open","ping_status":"open","sticky":false,"template":"","format":"standard","meta":{"footnotes":""},"categories":[98],"tags":[],"_links":{"self":[{"href":"https:\/\/acs.org.br\/academy\/wp-json\/wp\/v2\/posts\/85517"}],"collection":[{"href":"https:\/\/acs.org.br\/academy\/wp-json\/wp\/v2\/posts"}],"about":[{"href":"https:\/\/acs.org.br\/academy\/wp-json\/wp\/v2\/types\/post"}],"author":[{"embeddable":true,"href":"https:\/\/acs.org.br\/academy\/wp-json\/wp\/v2\/users\/1"}],"replies":[{"embeddable":true,"href":"https:\/\/acs.org.br\/academy\/wp-json\/wp\/v2\/comments?post=85517"}],"version-history":[{"count":0,"href":"https:\/\/acs.org.br\/academy\/wp-json\/wp\/v2\/posts\/85517\/revisions"}],"wp:attachment":[{"href":"https:\/\/acs.org.br\/academy\/wp-json\/wp\/v2\/media?parent=85517"}],"wp:term":[{"taxonomy":"category","embeddable":true,"href":"https:\/\/acs.org.br\/academy\/wp-json\/wp\/v2\/categories?post=85517"},{"taxonomy":"post_tag","embeddable":true,"href":"https:\/\/acs.org.br\/academy\/wp-json\/wp\/v2\/tags?post=85517"}],"curies":[{"name":"wp","href":"https:\/\/api.w.org\/{rel}","templated":true}]}}