{"id":85515,"date":"2019-01-28T01:00:00","date_gmt":"2019-01-28T03:00:00","guid":{"rendered":"http:\/\/127.0.0.1\/acs\/praca-e-recuperada-pela-associacao-comercial-de-santos-santaportal-28-01-2019\/"},"modified":"2019-01-28T01:00:00","modified_gmt":"2019-01-28T03:00:00","slug":"praca-e-recuperada-pela-associacao-comercial-de-santos-santaportal-28-01-2019","status":"publish","type":"post","link":"https:\/\/acs.org.br\/academy\/praca-e-recuperada-pela-associacao-comercial-de-santos-santaportal-28-01-2019\/","title":{"rendered":"Pra\u00e7a \u00e9 recuperada pela Associa\u00e7\u00e3o Comercial de Santos &#8211; Santaportal &#8211; 28\/01\/2019"},"content":{"rendered":"<p>Fonte: Santaportal&nbsp;<\/p>\n<p>A Pra\u00e7a Azevedo J\u00fanior, que fica no Centro Hist\u00f3rico, foi recuperada pela Associa\u00e7\u00e3o Comercial de Santos (ACS) nesta semana ap\u00f3s ter sido pichada.<\/p>\n<p><a target=\"_blank\" href=\"http:\/\/127.0.0.1\/acs\/wp-content\/uploads\/2019\/01\/PDF_2019_JANEIRO_PRACA-SANTA-28.pdf\" rel=\"noopener\">LEIA MAIS&#8230;<\/a><\/p>\n<p>\u00a0<\/p>\n","protected":false},"excerpt":{"rendered":"<p>Fonte: Santaportal&nbsp; A Pra\u00e7a Azevedo J\u00fanior, que fica no Centro Hist\u00f3rico, foi recuperada pela Associa\u00e7\u00e3o Comercial de Santos (ACS) nesta semana ap\u00f3s ter sido pichada. LEIA MAIS&#8230; \u00a0<\/p>\n","protected":false},"author":1,"featured_media":0,"comment_status":"open","ping_status":"open","sticky":false,"template":"","format":"standard","meta":{"footnotes":""},"categories":[98],"tags":[],"_links":{"self":[{"href":"https:\/\/acs.org.br\/academy\/wp-json\/wp\/v2\/posts\/85515"}],"collection":[{"href":"https:\/\/acs.org.br\/academy\/wp-json\/wp\/v2\/posts"}],"about":[{"href":"https:\/\/acs.org.br\/academy\/wp-json\/wp\/v2\/types\/post"}],"author":[{"embeddable":true,"href":"https:\/\/acs.org.br\/academy\/wp-json\/wp\/v2\/users\/1"}],"replies":[{"embeddable":true,"href":"https:\/\/acs.org.br\/academy\/wp-json\/wp\/v2\/comments?post=85515"}],"version-history":[{"count":0,"href":"https:\/\/acs.org.br\/academy\/wp-json\/wp\/v2\/posts\/85515\/revisions"}],"wp:attachment":[{"href":"https:\/\/acs.org.br\/academy\/wp-json\/wp\/v2\/media?parent=85515"}],"wp:term":[{"taxonomy":"category","embeddable":true,"href":"https:\/\/acs.org.br\/academy\/wp-json\/wp\/v2\/categories?post=85515"},{"taxonomy":"post_tag","embeddable":true,"href":"https:\/\/acs.org.br\/academy\/wp-json\/wp\/v2\/tags?post=85515"}],"curies":[{"name":"wp","href":"https:\/\/api.w.org\/{rel}","templated":true}]}}