{"id":85513,"date":"2019-01-28T01:00:00","date_gmt":"2019-01-28T03:00:00","guid":{"rendered":"http:\/\/127.0.0.1\/acs\/praca-azevedo-junior-e-revitalizada-apos-ser-alvo-de-pichacao-a-tribuna-digital-28-01-2019\/"},"modified":"2019-01-28T01:00:00","modified_gmt":"2019-01-28T03:00:00","slug":"praca-azevedo-junior-e-revitalizada-apos-ser-alvo-de-pichacao-a-tribuna-digital-28-01-2019","status":"publish","type":"post","link":"https:\/\/acs.org.br\/academy\/praca-azevedo-junior-e-revitalizada-apos-ser-alvo-de-pichacao-a-tribuna-digital-28-01-2019\/","title":{"rendered":"Pra\u00e7a Azevedo J\u00fanior \u00e9 revitalizada ap\u00f3s ser alvo de picha\u00e7\u00e3o &#8211; A Tribuna digital &#8211; 28\/01\/2019"},"content":{"rendered":"<p>Fonte: A Tribuna digital&nbsp;<\/p>\n<p>A Pra\u00e7a Azevedo J\u00fanior, localizada no Centro Hist\u00f3rico de Santos, foi revitalizada nesta semana.<\/p>\n<p><a target=\"_blank\" href=\"http:\/\/127.0.0.1\/acs\/wp-content\/uploads\/2019\/01\/PDF_2019_JANEIRO_PRACA-TRIDIG-28.pdf\" rel=\"noopener\">LEIA MAIS&#8230;<\/a><\/p>\n<p>\u00a0<\/p>\n","protected":false},"excerpt":{"rendered":"<p>Fonte: A Tribuna digital&nbsp; A Pra\u00e7a Azevedo J\u00fanior, localizada no Centro Hist\u00f3rico de Santos, foi revitalizada nesta semana. LEIA MAIS&#8230; \u00a0<\/p>\n","protected":false},"author":1,"featured_media":0,"comment_status":"open","ping_status":"open","sticky":false,"template":"","format":"standard","meta":{"footnotes":""},"categories":[98],"tags":[],"_links":{"self":[{"href":"https:\/\/acs.org.br\/academy\/wp-json\/wp\/v2\/posts\/85513"}],"collection":[{"href":"https:\/\/acs.org.br\/academy\/wp-json\/wp\/v2\/posts"}],"about":[{"href":"https:\/\/acs.org.br\/academy\/wp-json\/wp\/v2\/types\/post"}],"author":[{"embeddable":true,"href":"https:\/\/acs.org.br\/academy\/wp-json\/wp\/v2\/users\/1"}],"replies":[{"embeddable":true,"href":"https:\/\/acs.org.br\/academy\/wp-json\/wp\/v2\/comments?post=85513"}],"version-history":[{"count":0,"href":"https:\/\/acs.org.br\/academy\/wp-json\/wp\/v2\/posts\/85513\/revisions"}],"wp:attachment":[{"href":"https:\/\/acs.org.br\/academy\/wp-json\/wp\/v2\/media?parent=85513"}],"wp:term":[{"taxonomy":"category","embeddable":true,"href":"https:\/\/acs.org.br\/academy\/wp-json\/wp\/v2\/categories?post=85513"},{"taxonomy":"post_tag","embeddable":true,"href":"https:\/\/acs.org.br\/academy\/wp-json\/wp\/v2\/tags?post=85513"}],"curies":[{"name":"wp","href":"https:\/\/api.w.org\/{rel}","templated":true}]}}