{"id":85495,"date":"2018-12-18T01:00:00","date_gmt":"2018-12-18T03:00:00","guid":{"rendered":"http:\/\/127.0.0.1\/acs\/melhores-cafes-de-sao-paulo-sao-apresentados-pelas-torrefacoes-e-cafeterias-revista-espresso-18-12-2018\/"},"modified":"2018-12-18T01:00:00","modified_gmt":"2018-12-18T03:00:00","slug":"melhores-cafes-de-sao-paulo-sao-apresentados-pelas-torrefacoes-e-cafeterias-revista-espresso-18-12-2018","status":"publish","type":"post","link":"https:\/\/acs.org.br\/academy\/melhores-cafes-de-sao-paulo-sao-apresentados-pelas-torrefacoes-e-cafeterias-revista-espresso-18-12-2018\/","title":{"rendered":"Melhores caf\u00e9s de S\u00e3o Paulo s\u00e3o apresentados pelas torrefa\u00e7\u00f5es e cafeterias &#8211; Revista Espresso &#8211; 18\/12\/2018"},"content":{"rendered":"<p>Fonte: Revista Espresso<\/p>\n<p>O 17\u00ba Concurso Estadual de Qualidade do Caf\u00e9 de S\u00e3o Paulo \u2013 Pr\u00eamio Aldir Alves Teixeira teve seu t\u00e9rmino ontem, dia 17\/12, em cerim\u00f4nia no Pal\u00e1cio dos Bandeirantes, em S\u00e3o Paulo (SP), quando os caf\u00e9s premiados da safra foram apresentados pelas ind\u00fastrias, cafeterias e torrefa\u00e7\u00f5es em embalagens finais para o consumidor.<\/p>\n<p><a target=\"_blank\" href=\"http:\/\/127.0.0.1\/acs\/wp-content\/uploads\/2018\/12\/PDF_2018_DEZEMBRO_CONCURSO-ESPRESSO-18.pdf\" rel=\"noopener\">LEIA MAIS&#8230;<\/a><\/p>\n<p>\u00a0<\/p>\n","protected":false},"excerpt":{"rendered":"<p>Fonte: Revista Espresso O 17\u00ba Concurso Estadual de Qualidade do Caf\u00e9 de S\u00e3o Paulo \u2013 Pr\u00eamio Aldir Alves Teixeira teve seu t\u00e9rmino ontem, dia 17\/12, em cerim\u00f4nia no Pal\u00e1cio dos Bandeirantes, em S\u00e3o Paulo (SP), quando os caf\u00e9s premiados da safra foram apresentados pelas ind\u00fastrias, cafeterias e torrefa\u00e7\u00f5es em embalagens finais para o consumidor. LEIA [&hellip;]<\/p>\n","protected":false},"author":1,"featured_media":0,"comment_status":"open","ping_status":"open","sticky":false,"template":"","format":"standard","meta":{"footnotes":""},"categories":[98],"tags":[],"_links":{"self":[{"href":"https:\/\/acs.org.br\/academy\/wp-json\/wp\/v2\/posts\/85495"}],"collection":[{"href":"https:\/\/acs.org.br\/academy\/wp-json\/wp\/v2\/posts"}],"about":[{"href":"https:\/\/acs.org.br\/academy\/wp-json\/wp\/v2\/types\/post"}],"author":[{"embeddable":true,"href":"https:\/\/acs.org.br\/academy\/wp-json\/wp\/v2\/users\/1"}],"replies":[{"embeddable":true,"href":"https:\/\/acs.org.br\/academy\/wp-json\/wp\/v2\/comments?post=85495"}],"version-history":[{"count":0,"href":"https:\/\/acs.org.br\/academy\/wp-json\/wp\/v2\/posts\/85495\/revisions"}],"wp:attachment":[{"href":"https:\/\/acs.org.br\/academy\/wp-json\/wp\/v2\/media?parent=85495"}],"wp:term":[{"taxonomy":"category","embeddable":true,"href":"https:\/\/acs.org.br\/academy\/wp-json\/wp\/v2\/categories?post=85495"},{"taxonomy":"post_tag","embeddable":true,"href":"https:\/\/acs.org.br\/academy\/wp-json\/wp\/v2\/tags?post=85495"}],"curies":[{"name":"wp","href":"https:\/\/api.w.org\/{rel}","templated":true}]}}