{"id":85481,"date":"2018-12-20T01:00:00","date_gmt":"2018-12-20T03:00:00","guid":{"rendered":"http:\/\/127.0.0.1\/acs\/consul-dos-estados-unidos-em-sp-visita-acs-e-demostra-intencao-de-futuros-negocios-na-regiao-facesp-20-12-2018\/"},"modified":"2018-12-20T01:00:00","modified_gmt":"2018-12-20T03:00:00","slug":"consul-dos-estados-unidos-em-sp-visita-acs-e-demostra-intencao-de-futuros-negocios-na-regiao-facesp-20-12-2018","status":"publish","type":"post","link":"https:\/\/acs.org.br\/academy\/consul-dos-estados-unidos-em-sp-visita-acs-e-demostra-intencao-de-futuros-negocios-na-regiao-facesp-20-12-2018\/","title":{"rendered":"C\u00f4nsul dos Estados Unidos em SP visita ACS e demostra inten\u00e7\u00e3o de futuros neg\u00f3cios na regi\u00e3o &#8211; Facesp &#8211; 20\/12\/2018"},"content":{"rendered":"<p>Fonte: Facesp&nbsp;<\/p>\n<p>O presidente da Associa\u00e7\u00e3o Comercial de Santos, Roberto Clemente Santini, recebeu nesta quarta-feira (19) o C\u00f4nsul Geral dos Estados Unidos em S\u00e3o Paulo, Adam Shub, que demonstrou interesse em realizar futuros neg\u00f3cios na Baixada Santista.<\/p>\n<p><a target=\"_blank\" href=\"http:\/\/127.0.0.1\/acs\/wp-content\/uploads\/2018\/12\/PDF_2018_DEZEMBRO_CONSULEUA-FACESP-20.pdf\" rel=\"noopener\">LEIA MAIS&#8230;<\/a><\/p>\n","protected":false},"excerpt":{"rendered":"<p>Fonte: Facesp&nbsp; O presidente da Associa\u00e7\u00e3o Comercial de Santos, Roberto Clemente Santini, recebeu nesta quarta-feira (19) o C\u00f4nsul Geral dos Estados Unidos em S\u00e3o Paulo, Adam Shub, que demonstrou interesse em realizar futuros neg\u00f3cios na Baixada Santista. LEIA MAIS&#8230;<\/p>\n","protected":false},"author":1,"featured_media":0,"comment_status":"open","ping_status":"open","sticky":false,"template":"","format":"standard","meta":{"footnotes":""},"categories":[98],"tags":[],"_links":{"self":[{"href":"https:\/\/acs.org.br\/academy\/wp-json\/wp\/v2\/posts\/85481"}],"collection":[{"href":"https:\/\/acs.org.br\/academy\/wp-json\/wp\/v2\/posts"}],"about":[{"href":"https:\/\/acs.org.br\/academy\/wp-json\/wp\/v2\/types\/post"}],"author":[{"embeddable":true,"href":"https:\/\/acs.org.br\/academy\/wp-json\/wp\/v2\/users\/1"}],"replies":[{"embeddable":true,"href":"https:\/\/acs.org.br\/academy\/wp-json\/wp\/v2\/comments?post=85481"}],"version-history":[{"count":0,"href":"https:\/\/acs.org.br\/academy\/wp-json\/wp\/v2\/posts\/85481\/revisions"}],"wp:attachment":[{"href":"https:\/\/acs.org.br\/academy\/wp-json\/wp\/v2\/media?parent=85481"}],"wp:term":[{"taxonomy":"category","embeddable":true,"href":"https:\/\/acs.org.br\/academy\/wp-json\/wp\/v2\/categories?post=85481"},{"taxonomy":"post_tag","embeddable":true,"href":"https:\/\/acs.org.br\/academy\/wp-json\/wp\/v2\/tags?post=85481"}],"curies":[{"name":"wp","href":"https:\/\/api.w.org\/{rel}","templated":true}]}}