{"id":85145,"date":"2018-12-21T10:52:13","date_gmt":"2018-12-21T12:52:13","guid":{"rendered":"http:\/\/127.0.0.1\/acs\/expediente-de-final-de-ano-associacao-comercial-de-santos-2018\/"},"modified":"2018-12-21T10:52:13","modified_gmt":"2018-12-21T12:52:13","slug":"expediente-de-final-de-ano-associacao-comercial-de-santos-2018","status":"publish","type":"post","link":"https:\/\/acs.org.br\/academy\/expediente-de-final-de-ano-associacao-comercial-de-santos-2018\/","title":{"rendered":"Expediente de final de ano \u2013 Associa\u00e7\u00e3o Comercial de Santos &#8211; 2018"},"content":{"rendered":"<p style=\"text-align: left;\" align=\"center\">Caro associado, bom dia<\/p>\n<p>A seguir, o hor\u00e1rio de expediente da Associa\u00e7\u00e3o Comercial de Santos (ACS) nesse final de ano:<\/p>\n<p>Dias 24 e 31, ambos segunda-feira: expediente das 8 \u00e0s 14 horas, acompanhando o hor\u00e1rio da Alf\u00e2ndega de Santos.<\/p>\n<p>Nos dias 25 e 1\u00ba de janeiro, n\u00e3o haver\u00e1 expediente.<\/p>\n<p>Em nome da diretoria, desejamos &nbsp;um Natal feliz e um novo ano de sucesso.<\/p>\n<p>Cordialmente,<\/p>\n<p>Marcio Calves <br \/> Diretor Executivo <br \/> <b><i>Associa\u00e7\u00e3o Comercial de Santos<\/i><\/b> <\/p>\n","protected":false},"excerpt":{"rendered":"<p>Caro associado, bom dia A seguir, o hor\u00e1rio de expediente da Associa\u00e7\u00e3o Comercial de Santos (ACS) nesse final de ano: Dias 24 e 31, ambos segunda-feira: expediente das 8 \u00e0s 14 horas, acompanhando o hor\u00e1rio da Alf\u00e2ndega de Santos. Nos dias 25 e 1\u00ba de janeiro, n\u00e3o haver\u00e1 expediente. Em nome da diretoria, desejamos &nbsp;um [&hellip;]<\/p>\n","protected":false},"author":1,"featured_media":0,"comment_status":"open","ping_status":"open","sticky":false,"template":"","format":"standard","meta":{"footnotes":""},"categories":[84],"tags":[],"_links":{"self":[{"href":"https:\/\/acs.org.br\/academy\/wp-json\/wp\/v2\/posts\/85145"}],"collection":[{"href":"https:\/\/acs.org.br\/academy\/wp-json\/wp\/v2\/posts"}],"about":[{"href":"https:\/\/acs.org.br\/academy\/wp-json\/wp\/v2\/types\/post"}],"author":[{"embeddable":true,"href":"https:\/\/acs.org.br\/academy\/wp-json\/wp\/v2\/users\/1"}],"replies":[{"embeddable":true,"href":"https:\/\/acs.org.br\/academy\/wp-json\/wp\/v2\/comments?post=85145"}],"version-history":[{"count":0,"href":"https:\/\/acs.org.br\/academy\/wp-json\/wp\/v2\/posts\/85145\/revisions"}],"wp:attachment":[{"href":"https:\/\/acs.org.br\/academy\/wp-json\/wp\/v2\/media?parent=85145"}],"wp:term":[{"taxonomy":"category","embeddable":true,"href":"https:\/\/acs.org.br\/academy\/wp-json\/wp\/v2\/categories?post=85145"},{"taxonomy":"post_tag","embeddable":true,"href":"https:\/\/acs.org.br\/academy\/wp-json\/wp\/v2\/tags?post=85145"}],"curies":[{"name":"wp","href":"https:\/\/api.w.org\/{rel}","templated":true}]}}