{"id":85124,"date":"2018-12-19T17:10:40","date_gmt":"2018-12-19T19:10:40","guid":{"rendered":"http:\/\/127.0.0.1\/acs\/consul-dos-estados-unidos-em-sp-visita-acs-e-demostra-intencao-de-futuros-negocios-na-regiao\/"},"modified":"2018-12-19T17:10:40","modified_gmt":"2018-12-19T19:10:40","slug":"consul-dos-estados-unidos-em-sp-visita-acs-e-demostra-intencao-de-futuros-negocios-na-regiao","status":"publish","type":"post","link":"https:\/\/acs.org.br\/academy\/consul-dos-estados-unidos-em-sp-visita-acs-e-demostra-intencao-de-futuros-negocios-na-regiao\/","title":{"rendered":"C\u00f4nsul dos Estados Unidos em SP visita ACS e demostra inten\u00e7\u00e3o de futuros neg\u00f3cios na regi\u00e3o"},"content":{"rendered":"<p style=\"text-align: left;\" align=\"center\">Fonte: Assessoria de imprensa ACS<\/p>\n<p>O presidente da Associa\u00e7\u00e3o Comercial de Santos, Roberto Clemente Santini, recebeu nesta quarta-feira (19) o C\u00f4nsul Geral dos Estados Unidos em S\u00e3o Paulo, Adam Shub, que demonstrou interesse em realizar futuros neg\u00f3cios na Baixada Santista.<\/p>\n<\/p>\n<p>O ilustre visitante chegou por volta das 11 horas e seguiu para o audit\u00f3rio, que foi totalmente modernizado e onde est\u00e3o os quadros dos ex-presidentes da Casa. Roberto Clemente Santini explicou a ele que trata-se de uma tradi\u00e7\u00e3o: cada presidente eleito fica encarregado de providenciar que seja feita a pintura do presidente anterior, para compor a galeria.<\/p>\n<p><img loading=\"lazy\" decoding=\"async\" class=\" size-full wp-image-85121\" src=\"http:\/\/127.0.0.1\/acs\/wp-content\/uploads\/2018\/12\/WEB_2018_DEZEMBRO_CONSUL-W_CONSUL-062.jpg\" width=\"570\" height=\"419\" srcset=\"https:\/\/acs.org.br\/academy\/wp-content\/uploads\/2018\/12\/WEB_2018_DEZEMBRO_CONSUL-W_CONSUL-062.jpg 570w, https:\/\/acs.org.br\/academy\/wp-content\/uploads\/2018\/12\/WEB_2018_DEZEMBRO_CONSUL-W_CONSUL-062-300x221.jpg 300w\" sizes=\"(max-width: 570px) 100vw, 570px\" \/><\/p>\n<p>Na sa\u00edda do audit\u00f3rio, o c\u00f4nsul viu as p\u00e1ginas do Livro de Ouro da ACS, que est\u00e3o expostas no foyer do primeiro andar, com assinaturas de visitantes e ex-presidentes, inclusive de D Pedro II, que por tr\u00eas vezes esteve na Associa\u00e7\u00e3o Comercial de Santos. Depois, o livro foi entregue para que ele deixasse sua mensagem e o registro de sua visita.<\/p>\n<p><img loading=\"lazy\" decoding=\"async\" class=\" size-full wp-image-85122\" src=\"http:\/\/127.0.0.1\/acs\/wp-content\/uploads\/2018\/12\/WEB_2018_DEZEMBRO_CONSUL-W_CONSUL-086.jpg\" width=\"570\" height=\"428\" srcset=\"https:\/\/acs.org.br\/academy\/wp-content\/uploads\/2018\/12\/WEB_2018_DEZEMBRO_CONSUL-W_CONSUL-086.jpg 570w, https:\/\/acs.org.br\/academy\/wp-content\/uploads\/2018\/12\/WEB_2018_DEZEMBRO_CONSUL-W_CONSUL-086-300x225.jpg 300w\" sizes=\"(max-width: 570px) 100vw, 570px\" \/><\/p>\n<p>Na sequ\u00eancia, todos seguiram para a nova Sala de Classifica\u00e7\u00e3o e Degusta\u00e7\u00e3o de Caf\u00e9 da ACS, uma das mais modernas do Pa\u00eds, onde foram recebidos pelo degustador da Casa, Onivaldo Ruas, o Geleia. O especialista fez uma breve demonstra\u00e7\u00e3o sobre qualidade dos gr\u00e3os e como sobre como \u00e9 feita a separa\u00e7\u00e3o dos gr\u00e3os para classifica\u00e7\u00e3o deles.<\/p>\n<p>O c\u00f4nsul, inclusive, participou da degusta\u00e7\u00e3o e ressaltou, apesar da pouca experi\u00eancia, que \u00e9 not\u00e1vel a diferen\u00e7a entre os caf\u00e9s de boa e m\u00e1 qualidades.<\/p>\n<p><img loading=\"lazy\" decoding=\"async\" class=\" size-full wp-image-85123\" src=\"http:\/\/127.0.0.1\/acs\/wp-content\/uploads\/2018\/12\/WEB_2018_DEZEMBRO_CONSUL-W_CONSUL-142.jpg\" width=\"570\" height=\"428\" srcset=\"https:\/\/acs.org.br\/academy\/wp-content\/uploads\/2018\/12\/WEB_2018_DEZEMBRO_CONSUL-W_CONSUL-142.jpg 570w, https:\/\/acs.org.br\/academy\/wp-content\/uploads\/2018\/12\/WEB_2018_DEZEMBRO_CONSUL-W_CONSUL-142-300x225.jpg 300w\" sizes=\"(max-width: 570px) 100vw, 570px\" \/><\/p>\n<p>Antes de encerrar a visita, Adam Shub disse que o Porto de Santos traz para a cidade uma rela\u00e7\u00e3o econ\u00f4mica muito importante. \u201c\u00c9 um porto que combina tradi\u00e7\u00e3o e modernidade e o pr\u00e9dio da Associa\u00e7\u00e3o Comercial de Santos \u00e9 o s\u00edmbolo disso\u201d.<\/p>\n<p>O presidente da ACS, Roberto Clemente Santini, ficou muito satisfeito com a perspectiva demostrada pelo c\u00f4nsul em fazer neg\u00f3cios aqui na regi\u00e3o.<\/p>\n<p>\u201cEssa perspectiva dele em fechar futuros neg\u00f3cios aqui com certeza demonstra um cen\u00e1rio positivo para o nosso Porto e diversas outras atividades da regi\u00e3o\u201d.<\/p>\n","protected":false},"excerpt":{"rendered":"<p>Fonte: Assessoria de imprensa ACS O presidente da Associa\u00e7\u00e3o Comercial de Santos, Roberto Clemente Santini, recebeu nesta quarta-feira (19) o C\u00f4nsul Geral dos Estados Unidos em S\u00e3o Paulo, Adam Shub, que demonstrou interesse em realizar futuros neg\u00f3cios na Baixada Santista. O ilustre visitante chegou por volta das 11 horas e seguiu para o audit\u00f3rio, que [&hellip;]<\/p>\n","protected":false},"author":1,"featured_media":85120,"comment_status":"open","ping_status":"open","sticky":false,"template":"","format":"standard","meta":{"footnotes":""},"categories":[84],"tags":[],"_links":{"self":[{"href":"https:\/\/acs.org.br\/academy\/wp-json\/wp\/v2\/posts\/85124"}],"collection":[{"href":"https:\/\/acs.org.br\/academy\/wp-json\/wp\/v2\/posts"}],"about":[{"href":"https:\/\/acs.org.br\/academy\/wp-json\/wp\/v2\/types\/post"}],"author":[{"embeddable":true,"href":"https:\/\/acs.org.br\/academy\/wp-json\/wp\/v2\/users\/1"}],"replies":[{"embeddable":true,"href":"https:\/\/acs.org.br\/academy\/wp-json\/wp\/v2\/comments?post=85124"}],"version-history":[{"count":0,"href":"https:\/\/acs.org.br\/academy\/wp-json\/wp\/v2\/posts\/85124\/revisions"}],"wp:featuredmedia":[{"embeddable":true,"href":"https:\/\/acs.org.br\/academy\/wp-json\/wp\/v2\/media\/85120"}],"wp:attachment":[{"href":"https:\/\/acs.org.br\/academy\/wp-json\/wp\/v2\/media?parent=85124"}],"wp:term":[{"taxonomy":"category","embeddable":true,"href":"https:\/\/acs.org.br\/academy\/wp-json\/wp\/v2\/categories?post=85124"},{"taxonomy":"post_tag","embeddable":true,"href":"https:\/\/acs.org.br\/academy\/wp-json\/wp\/v2\/tags?post=85124"}],"curies":[{"name":"wp","href":"https:\/\/api.w.org\/{rel}","templated":true}]}}