{"id":85068,"date":"2018-12-07T01:00:00","date_gmt":"2018-12-07T03:00:00","guid":{"rendered":"http:\/\/127.0.0.1\/acs\/sociedade-civil-organizada-se-reune-para-pensar-cidade-a-longo-prazo-a-tribuna-digital-07-12-2018\/"},"modified":"2018-12-07T01:00:00","modified_gmt":"2018-12-07T03:00:00","slug":"sociedade-civil-organizada-se-reune-para-pensar-cidade-a-longo-prazo-a-tribuna-digital-07-12-2018","status":"publish","type":"post","link":"https:\/\/acs.org.br\/academy\/sociedade-civil-organizada-se-reune-para-pensar-cidade-a-longo-prazo-a-tribuna-digital-07-12-2018\/","title":{"rendered":"Sociedade civil organizada se re\u00fane para pensar cidade a longo prazo &#8211; A Tribuna digital &#8211; 07\/12\/2018"},"content":{"rendered":"<p>Fonte: A Tribuna digital&nbsp;<\/p>\n<p>Como ser\u00e1 Santos em 2038? Qual cidade queremos? As quest\u00f5es propostas pelo ex-prefeito de Maring\u00e1 (PR), Silvio Barros, estimularam os membros da sociedade civil organizada, nesta quinta-feira (6), na Associa\u00e7\u00e3o Comercial de Santos (ACS), a pensar &#8216;fora da caixa&#8217; e a longo prazo.<\/p>\n<p><a target=\"_blank\" href=\"http:\/\/127.0.0.1\/acs\/wp-content\/uploads\/2018\/12\/PDF_2018_DEZEMBRO_FUTURO-TRIDIG-07.pdf\" rel=\"noopener\">LEIA MAIS&#8230;<\/a><\/p>\n<p>\u00a0<\/p>\n","protected":false},"excerpt":{"rendered":"<p>Fonte: A Tribuna digital&nbsp; Como ser\u00e1 Santos em 2038? Qual cidade queremos? As quest\u00f5es propostas pelo ex-prefeito de Maring\u00e1 (PR), Silvio Barros, estimularam os membros da sociedade civil organizada, nesta quinta-feira (6), na Associa\u00e7\u00e3o Comercial de Santos (ACS), a pensar &#8216;fora da caixa&#8217; e a longo prazo. LEIA MAIS&#8230; \u00a0<\/p>\n","protected":false},"author":1,"featured_media":0,"comment_status":"open","ping_status":"open","sticky":false,"template":"","format":"standard","meta":{"footnotes":""},"categories":[98],"tags":[],"_links":{"self":[{"href":"https:\/\/acs.org.br\/academy\/wp-json\/wp\/v2\/posts\/85068"}],"collection":[{"href":"https:\/\/acs.org.br\/academy\/wp-json\/wp\/v2\/posts"}],"about":[{"href":"https:\/\/acs.org.br\/academy\/wp-json\/wp\/v2\/types\/post"}],"author":[{"embeddable":true,"href":"https:\/\/acs.org.br\/academy\/wp-json\/wp\/v2\/users\/1"}],"replies":[{"embeddable":true,"href":"https:\/\/acs.org.br\/academy\/wp-json\/wp\/v2\/comments?post=85068"}],"version-history":[{"count":0,"href":"https:\/\/acs.org.br\/academy\/wp-json\/wp\/v2\/posts\/85068\/revisions"}],"wp:attachment":[{"href":"https:\/\/acs.org.br\/academy\/wp-json\/wp\/v2\/media?parent=85068"}],"wp:term":[{"taxonomy":"category","embeddable":true,"href":"https:\/\/acs.org.br\/academy\/wp-json\/wp\/v2\/categories?post=85068"},{"taxonomy":"post_tag","embeddable":true,"href":"https:\/\/acs.org.br\/academy\/wp-json\/wp\/v2\/tags?post=85068"}],"curies":[{"name":"wp","href":"https:\/\/api.w.org\/{rel}","templated":true}]}}