{"id":85029,"date":"2018-12-06T17:49:18","date_gmt":"2018-12-06T19:49:18","guid":{"rendered":"http:\/\/127.0.0.1\/acs\/futuro\/"},"modified":"2018-12-06T17:49:18","modified_gmt":"2018-12-06T19:49:18","slug":"futuro","status":"publish","type":"post","link":"https:\/\/acs.org.br\/academy\/futuro\/","title":{"rendered":"O Futuro da Minha Cidade &#8211; Entidades discutem na Associa\u00e7\u00e3o Comercial de Santos a forma\u00e7\u00e3o de um conselho para criar um planejamento sustent\u00e1vel para o Munic\u00edpio"},"content":{"rendered":"<p style=\"text-align: left;\" align=\"center\">Fonte: Assessoria de imprensa ACS<\/p>\n<p>Com o objetivo de formar um conselho formado por entidades da sociedade civil organizada para criar um planejamento sustent\u00e1vel para Santos, a Associa\u00e7\u00e3o Comercial de Santos (ACS) recebeu, nesta quinta-feira (6), o evento \u201cO Futuro da Minha Cidade\u201d. Uma iniciativa da C\u00e2mara Brasileira da Ind\u00fastria da Constru\u00e7\u00e3o (CBIC), tamb\u00e9m em parceria com o Sesi Nacional, o projeto vem sendo desenvolvido desde 2012 e surgiu a partir da experi\u00eancia bem-sucedida da cidade de Maring\u00e1-PR, por meio do seu Conselho de Desenvolvimento Econ\u00f4mico \u2013 CODEM.<\/p>\n<p>Participaram da cerim\u00f4nia de abertura representantes dos realizadores do evento \u2013 ACS, ASSECOB \u2013 Associa\u00e7\u00e3o dos Empres\u00e1rios da Constru\u00e7\u00e3o Civil, Secovi-SP e SindusCon &#8211;&nbsp; vereadores, pol\u00edticos, empres\u00e1rios e diretores da Associa\u00e7\u00e3o Comercial de Santos.<\/p>\n<p><b>O projeto<\/b><\/p>\n<p>A ideia de trazer o projeto a Santos surgiu durante a realiza\u00e7\u00e3o do FICON 2018 \u2013 F\u00f3rum da Ind\u00fastria da Constru\u00e7\u00e3o de Santos e Regi\u00e3o, realizado em 15 de agosto deste ano, a partir de uma sugest\u00e3o do presidente da CBIC, Jos\u00e9 Carlos Rodrigues Martins.<\/p>\n<p>A partir da\u00ed, a Associa\u00e7\u00e3o Comercial de Santos, a ASSECOB \u2013 Associa\u00e7\u00e3o dos Empres\u00e1rios da Constru\u00e7\u00e3o Civil, o SindusCon-SP e o Secovi-SP se uniram para trazer o projeto \u00e0 cidade, mais especificamente \u00e0 sede ACS.<\/p>\n<p>De acordo como diretor da Associa\u00e7\u00e3o Comercial de Santos Andr\u00e9 Canoilas esse evento \u00e9 apenas a primeira etapa para a implementa\u00e7\u00e3o de um conselho, que seja apartid\u00e1rio e busque propor a\u00e7\u00f5es para o desenvolvimento de Santos.<\/p>\n<\/p>\n<p>\u201cQueremos entender como os conselhos funcionam para criarmos um na Cidade, adequado \u00e0s nossas caracter\u00edsticas. O objetivo \u00e9 reunir a maior quantidade de associa\u00e7\u00f5es e \u00f3rg\u00e3os da sociedade civil para que possamos buscar a implementa\u00e7\u00e3o do conselho, que tem como objetivo o desenvolvimento econ\u00f4mico, gera\u00e7\u00e3o de renda e emprego\u201d.<\/p>\n<p>O presidente da Assecob, Gustavo Zagatto Fernandez, explicou que, na pr\u00e1tica, esse conselho dever\u00e1 estabelecer quais projetos devem ser realizados para que se possa cobrar a realiza\u00e7\u00e3o deles, apesar das transi\u00e7\u00f5es pol\u00edticas que ocorram na Cidade.<\/p>\n<p><img loading=\"lazy\" decoding=\"async\" class=\" size-full wp-image-85013\" src=\"http:\/\/127.0.0.1\/acs\/wp-content\/uploads\/2018\/12\/WEB_2018_DEZEMBRO_FUTURO-W_FUTURO_0035.jpg\" width=\"570\" height=\"450\" srcset=\"https:\/\/acs.org.br\/academy\/wp-content\/uploads\/2018\/12\/WEB_2018_DEZEMBRO_FUTURO-W_FUTURO_0035.jpg 570w, https:\/\/acs.org.br\/academy\/wp-content\/uploads\/2018\/12\/WEB_2018_DEZEMBRO_FUTURO-W_FUTURO_0035-300x237.jpg 300w\" sizes=\"(max-width: 570px) 100vw, 570px\" \/><\/p>\n<p>\u201cA ideia \u00e9 que a gente possa cobrar resultados dentro desse conselho, visando melhorias para a cidade, visando sustentabilidade. Por exemplo, vemos o caso da Ponte entre Santos e Guaruj\u00e1. J\u00e1 houve v\u00e1rios projetos, mas nenhum deles serviu para a constru\u00e7\u00e3o da ponte efetivamente. O conselho ter\u00e1 essa fun\u00e7\u00e3o, de cobrar resultados e dar continuidade aos projetos, independentemente de quem esteja no governo ou da troca de governo\u201d.<\/p>\n<p>J\u00e1 o diretor regional do Secov Baixada Santista, Carlos Meschini, ressaltou que o setor da constru\u00e7\u00e3o civil e o setor imobili\u00e1rio v\u00eaem com bons olhos a iniciativa.<\/p>\n<p><img loading=\"lazy\" decoding=\"async\" class=\" size-full wp-image-85014\" src=\"http:\/\/127.0.0.1\/acs\/wp-content\/uploads\/2018\/12\/WEB_2018_DEZEMBRO_FUTURO-W_FUTURO_0049.jpg\" width=\"570\" height=\"428\" srcset=\"https:\/\/acs.org.br\/academy\/wp-content\/uploads\/2018\/12\/WEB_2018_DEZEMBRO_FUTURO-W_FUTURO_0049.jpg 570w, https:\/\/acs.org.br\/academy\/wp-content\/uploads\/2018\/12\/WEB_2018_DEZEMBRO_FUTURO-W_FUTURO_0049-300x225.jpg 300w\" sizes=\"(max-width: 570px) 100vw, 570px\" \/><\/p>\n<p>\u201cH\u00e1 30 anos Santos n\u00e3o tem um crescimento da popula\u00e7\u00e3o, porque muitos migram para a capital. Ent\u00e3o, com esse projeto, esperamos que a cidade cres\u00e7a n\u00e3o s\u00f3 no turismo, n\u00e3o s\u00f3 em empregos, mas tamb\u00e9m em qualidade de vida para que as pessoas possam se estabelecer aqui. Santos \u00e9 uma cidade maravilhosa, mas que ainda precisa de incentivos e essa situa\u00e7\u00e3o afeta diretamente o setor da constru\u00e7\u00e3o\u201d.<\/p>\n<p><b>Palestrantes<\/b><\/p>\n<p>A primeira palestrante foi a arquiteta e urbanista Marcella Arruda, que falou sobre o tema \u201cIdeias Criativas e Sustent\u00e1veis que est\u00e3o revolucionando a Vida Urbana em v\u00e1rios pontos do planeta\u201d.<\/p>\n<p><img loading=\"lazy\" decoding=\"async\" class=\" size-full wp-image-85015\" src=\"http:\/\/127.0.0.1\/acs\/wp-content\/uploads\/2018\/12\/WEB_2018_DEZEMBRO_FUTURO-W_FUTURO_0069.jpg\" width=\"570\" height=\"441\" srcset=\"https:\/\/acs.org.br\/academy\/wp-content\/uploads\/2018\/12\/WEB_2018_DEZEMBRO_FUTURO-W_FUTURO_0069.jpg 570w, https:\/\/acs.org.br\/academy\/wp-content\/uploads\/2018\/12\/WEB_2018_DEZEMBRO_FUTURO-W_FUTURO_0069-300x232.jpg 300w\" sizes=\"(max-width: 570px) 100vw, 570px\" \/><\/p>\n<p>Em sua apresenta\u00e7\u00e3o ela fez um chamado para as lideran\u00e7as locais pensarem o futuro da cidade, como construir um munic\u00edpio sustent\u00e1vel, com democracia de fato.<\/p>\n<p>\u201cNossa ideia \u00e9 que a sociedade civil possa se organizar e elaborar um plano de futuro, por meio de exemplos de outras cidades que est\u00e3o discutindo o futuro e construindo esse futuro hoje\u201d.<\/p>\n<p>Na sequ\u00eancia falou o ex-prefeito de Maring\u00e1 Silvio Barros sobre o tema \u201cExperi\u00eancia de Parceria entre a Sociedade e Poder P\u00fabico local e potencial transformador para tornar a cidade mais sustent\u00e1vel\u201d.<\/p>\n<p>Ele detalhou como o munic\u00edpio de Maring\u00e1 constituiu um conselho para pensar o futuro da cidade h\u00e1 20 anos. E Barros afirma que os resultados s\u00e3o concretos pois, por dois anos consecutivos, Maring\u00e1 conquistou o primeiro lugar no ranking das melhores cidades da Revista Exame, o que comprova o sucesso da iniciativa.<\/p>\n<p>\u201cAdotamos esse modelo h\u00e1 20 anos para que a cidade pudesse ter um planejamento a longo prazo que n\u00e3o fosse interrompido por altern\u00e2ncia pol\u00edtica ou mudan\u00e7a de governo. Deu certo porque a sociedade civil organizada, por meio das entidades de classe, assumiu a responsabilidade de elaborar e proteger&nbsp; o planejamento contra a descontinuidade pol\u00edtica\u201d.<\/p>\n<p>Ainda falando sobre o exemplo de Maring\u00e1, o palestrante explicou que l\u00e1 esse o planejamento \u00e9 elaborado por um conselho e apresentado aos candidatos a prefeito, para que a popula\u00e7\u00e3o saiba quais postulantes est\u00e3o dispostos a incorporar o planejamento da comunidade em seu plano de governo.<\/p>\n<p><img loading=\"lazy\" decoding=\"async\" class=\" size-full wp-image-85016\" src=\"http:\/\/127.0.0.1\/acs\/wp-content\/uploads\/2018\/12\/WEB_2018_DEZEMBRO_FUTURO-W_FUTURO_0086.jpg\" width=\"570\" height=\"428\" srcset=\"https:\/\/acs.org.br\/academy\/wp-content\/uploads\/2018\/12\/WEB_2018_DEZEMBRO_FUTURO-W_FUTURO_0086.jpg 570w, https:\/\/acs.org.br\/academy\/wp-content\/uploads\/2018\/12\/WEB_2018_DEZEMBRO_FUTURO-W_FUTURO_0086-300x225.jpg 300w\" sizes=\"(max-width: 570px) 100vw, 570px\" \/><\/p>\n<p>\u201cS\u00f3 assim esse planejamento estaria protegido contra a descontinuidade e isso \u00e9 poss\u00edvel pelo mecanismo de governan\u00e7a compartilhada. Maring\u00e1 come\u00e7ou com um n\u00facleo de seis lideran\u00e7as da cidade, sob o aux\u00edlio da associa\u00e7\u00e3o comercial de l\u00e1, que desenvolveu um projeto, posteriormente apresentado aos candidatos. A cada elei\u00e7\u00e3o e eles tinham que se posicionar publicamente sobre se dariam continuidade ou n\u00e3o. Desde ent\u00e3o, nenhum prefeito de Maring\u00e1 deixou de assinar o documento e hoje colhemos os frutos do que plantamos h\u00e1 20 anos\u201d.<\/p>\n<p>Vale destacar que o conselho de Maring\u00e1 tem car\u00e1ter deliberativo e consultivo e sua finalidade \u00e9 propor e executar pol\u00edticas de desenvolvimento econ\u00f4mico, social e planejamento urbano. De participa\u00e7\u00e3o volunt\u00e1ria e apartid\u00e1ria, com vis\u00e3o e planejamento de futuro, a iniciativa tem alcan\u00e7ado excelentes resultados.<\/p>\n<p>Ap\u00f3s as palestras, o p\u00fablico tirou d\u00favidas e debateu com os palestrantes.<\/p>\n<p>\u201cO Futuro da Minha Cidade\u201d, edi\u00e7\u00e3o Santos, \u00e9 uma realiza\u00e7\u00e3o da CBIC \u2013 C\u00e2mara Brasileira da Industria da Constru\u00e7\u00e3o; co-realiza\u00e7\u00e3o do SESI Nacional \u2013 Servi\u00e7o Social da Ind\u00fastria; patroc\u00ednio da CAIXA e; parceria da Associa\u00e7\u00e3o Comercial de Santos, da ASSECOB \u2013 Associa\u00e7\u00e3o dos Empres\u00e1rios da Constru\u00e7\u00e3o Civil, do SindusCon-SP e do Secovi-SP.<\/p>\n<p><img loading=\"lazy\" decoding=\"async\" class=\" size-full wp-image-85017\" src=\"http:\/\/127.0.0.1\/acs\/wp-content\/uploads\/2018\/12\/WEB_2018_DEZEMBRO_FUTURO-W_FUTURO_0001.jpg\" width=\"570\" height=\"428\" srcset=\"https:\/\/acs.org.br\/academy\/wp-content\/uploads\/2018\/12\/WEB_2018_DEZEMBRO_FUTURO-W_FUTURO_0001.jpg 570w, https:\/\/acs.org.br\/academy\/wp-content\/uploads\/2018\/12\/WEB_2018_DEZEMBRO_FUTURO-W_FUTURO_0001-300x225.jpg 300w\" sizes=\"(max-width: 570px) 100vw, 570px\" \/><\/p>\n<p><img loading=\"lazy\" decoding=\"async\" class=\" size-full wp-image-85018\" src=\"http:\/\/127.0.0.1\/acs\/wp-content\/uploads\/2018\/12\/WEB_2018_DEZEMBRO_FUTURO-W_FUTURO_0006.jpg\" width=\"570\" height=\"428\" srcset=\"https:\/\/acs.org.br\/academy\/wp-content\/uploads\/2018\/12\/WEB_2018_DEZEMBRO_FUTURO-W_FUTURO_0006.jpg 570w, https:\/\/acs.org.br\/academy\/wp-content\/uploads\/2018\/12\/WEB_2018_DEZEMBRO_FUTURO-W_FUTURO_0006-300x225.jpg 300w\" sizes=\"(max-width: 570px) 100vw, 570px\" \/><\/p>\n<p><img loading=\"lazy\" decoding=\"async\" class=\" size-full wp-image-85019\" src=\"http:\/\/127.0.0.1\/acs\/wp-content\/uploads\/2018\/12\/WEB_2018_DEZEMBRO_FUTURO-W_FUTURO_0041.jpg\" width=\"570\" height=\"447\" srcset=\"https:\/\/acs.org.br\/academy\/wp-content\/uploads\/2018\/12\/WEB_2018_DEZEMBRO_FUTURO-W_FUTURO_0041.jpg 570w, https:\/\/acs.org.br\/academy\/wp-content\/uploads\/2018\/12\/WEB_2018_DEZEMBRO_FUTURO-W_FUTURO_0041-300x235.jpg 300w\" sizes=\"(max-width: 570px) 100vw, 570px\" \/><\/p>\n<p><img loading=\"lazy\" decoding=\"async\" class=\" size-full wp-image-85020\" src=\"http:\/\/127.0.0.1\/acs\/wp-content\/uploads\/2018\/12\/WEB_2018_DEZEMBRO_FUTURO-W_FUTURO_0043.jpg\" width=\"570\" height=\"428\" srcset=\"https:\/\/acs.org.br\/academy\/wp-content\/uploads\/2018\/12\/WEB_2018_DEZEMBRO_FUTURO-W_FUTURO_0043.jpg 570w, https:\/\/acs.org.br\/academy\/wp-content\/uploads\/2018\/12\/WEB_2018_DEZEMBRO_FUTURO-W_FUTURO_0043-300x225.jpg 300w\" sizes=\"(max-width: 570px) 100vw, 570px\" \/><\/p>\n<p><img loading=\"lazy\" decoding=\"async\" class=\" size-full wp-image-85021\" src=\"http:\/\/127.0.0.1\/acs\/wp-content\/uploads\/2018\/12\/WEB_2018_DEZEMBRO_FUTURO-W_FUTURO_0044.jpg\" width=\"570\" height=\"406\" srcset=\"https:\/\/acs.org.br\/academy\/wp-content\/uploads\/2018\/12\/WEB_2018_DEZEMBRO_FUTURO-W_FUTURO_0044.jpg 570w, https:\/\/acs.org.br\/academy\/wp-content\/uploads\/2018\/12\/WEB_2018_DEZEMBRO_FUTURO-W_FUTURO_0044-300x214.jpg 300w\" sizes=\"(max-width: 570px) 100vw, 570px\" \/><\/p>\n<p><img loading=\"lazy\" decoding=\"async\" class=\" size-full wp-image-85022\" src=\"http:\/\/127.0.0.1\/acs\/wp-content\/uploads\/2018\/12\/WEB_2018_DEZEMBRO_FUTURO-W_FUTURO_0051.jpg\" width=\"570\" height=\"430\" srcset=\"https:\/\/acs.org.br\/academy\/wp-content\/uploads\/2018\/12\/WEB_2018_DEZEMBRO_FUTURO-W_FUTURO_0051.jpg 570w, https:\/\/acs.org.br\/academy\/wp-content\/uploads\/2018\/12\/WEB_2018_DEZEMBRO_FUTURO-W_FUTURO_0051-300x226.jpg 300w\" sizes=\"(max-width: 570px) 100vw, 570px\" \/><\/p>\n<p><img loading=\"lazy\" decoding=\"async\" class=\" size-full wp-image-85023\" src=\"http:\/\/127.0.0.1\/acs\/wp-content\/uploads\/2018\/12\/WEB_2018_DEZEMBRO_FUTURO-W_FUTURO_0054.jpg\" width=\"570\" height=\"416\" srcset=\"https:\/\/acs.org.br\/academy\/wp-content\/uploads\/2018\/12\/WEB_2018_DEZEMBRO_FUTURO-W_FUTURO_0054.jpg 570w, https:\/\/acs.org.br\/academy\/wp-content\/uploads\/2018\/12\/WEB_2018_DEZEMBRO_FUTURO-W_FUTURO_0054-300x219.jpg 300w\" sizes=\"(max-width: 570px) 100vw, 570px\" \/><\/p>\n<p><img loading=\"lazy\" decoding=\"async\" class=\" size-full wp-image-85024\" src=\"http:\/\/127.0.0.1\/acs\/wp-content\/uploads\/2018\/12\/WEB_2018_DEZEMBRO_FUTURO-W_FUTURO_0060.jpg\" width=\"570\" height=\"428\" srcset=\"https:\/\/acs.org.br\/academy\/wp-content\/uploads\/2018\/12\/WEB_2018_DEZEMBRO_FUTURO-W_FUTURO_0060.jpg 570w, https:\/\/acs.org.br\/academy\/wp-content\/uploads\/2018\/12\/WEB_2018_DEZEMBRO_FUTURO-W_FUTURO_0060-300x225.jpg 300w\" sizes=\"(max-width: 570px) 100vw, 570px\" \/><\/p>\n<p><img loading=\"lazy\" decoding=\"async\" class=\" size-full wp-image-85025\" src=\"http:\/\/127.0.0.1\/acs\/wp-content\/uploads\/2018\/12\/WEB_2018_DEZEMBRO_FUTURO-W_FUTURO_0065.jpg\" width=\"570\" height=\"411\" srcset=\"https:\/\/acs.org.br\/academy\/wp-content\/uploads\/2018\/12\/WEB_2018_DEZEMBRO_FUTURO-W_FUTURO_0065.jpg 570w, https:\/\/acs.org.br\/academy\/wp-content\/uploads\/2018\/12\/WEB_2018_DEZEMBRO_FUTURO-W_FUTURO_0065-300x216.jpg 300w\" sizes=\"(max-width: 570px) 100vw, 570px\" \/><\/p>\n<p><img loading=\"lazy\" decoding=\"async\" class=\" size-full wp-image-85026\" src=\"http:\/\/127.0.0.1\/acs\/wp-content\/uploads\/2018\/12\/WEB_2018_DEZEMBRO_FUTURO-W_FUTURO_0066.jpg\" width=\"570\" height=\"410\" srcset=\"https:\/\/acs.org.br\/academy\/wp-content\/uploads\/2018\/12\/WEB_2018_DEZEMBRO_FUTURO-W_FUTURO_0066.jpg 570w, https:\/\/acs.org.br\/academy\/wp-content\/uploads\/2018\/12\/WEB_2018_DEZEMBRO_FUTURO-W_FUTURO_0066-300x216.jpg 300w\" sizes=\"(max-width: 570px) 100vw, 570px\" \/><\/p>\n<p><img loading=\"lazy\" decoding=\"async\" class=\" size-full wp-image-85027\" src=\"http:\/\/127.0.0.1\/acs\/wp-content\/uploads\/2018\/12\/WEB_2018_DEZEMBRO_FUTURO-W_FUTURO_0083.jpg\" width=\"570\" height=\"447\" srcset=\"https:\/\/acs.org.br\/academy\/wp-content\/uploads\/2018\/12\/WEB_2018_DEZEMBRO_FUTURO-W_FUTURO_0083.jpg 570w, https:\/\/acs.org.br\/academy\/wp-content\/uploads\/2018\/12\/WEB_2018_DEZEMBRO_FUTURO-W_FUTURO_0083-300x235.jpg 300w\" sizes=\"(max-width: 570px) 100vw, 570px\" \/><\/p>\n<p><img loading=\"lazy\" decoding=\"async\" class=\" size-full wp-image-85028\" src=\"http:\/\/127.0.0.1\/acs\/wp-content\/uploads\/2018\/12\/WEB_2018_DEZEMBRO_FUTURO-W_FUTURO_0085.jpg\" width=\"570\" height=\"413\" srcset=\"https:\/\/acs.org.br\/academy\/wp-content\/uploads\/2018\/12\/WEB_2018_DEZEMBRO_FUTURO-W_FUTURO_0085.jpg 570w, https:\/\/acs.org.br\/academy\/wp-content\/uploads\/2018\/12\/WEB_2018_DEZEMBRO_FUTURO-W_FUTURO_0085-300x217.jpg 300w\" sizes=\"(max-width: 570px) 100vw, 570px\" \/><\/p>\n","protected":false},"excerpt":{"rendered":"<p>Fonte: Assessoria de imprensa ACS Com o objetivo de formar um conselho formado por entidades da sociedade civil organizada para criar um planejamento sustent\u00e1vel para Santos, a Associa\u00e7\u00e3o Comercial de Santos (ACS) recebeu, nesta quinta-feira (6), o evento \u201cO Futuro da Minha Cidade\u201d. Uma iniciativa da C\u00e2mara Brasileira da Ind\u00fastria da Constru\u00e7\u00e3o (CBIC), tamb\u00e9m em [&hellip;]<\/p>\n","protected":false},"author":1,"featured_media":85012,"comment_status":"open","ping_status":"open","sticky":false,"template":"","format":"standard","meta":{"footnotes":""},"categories":[84],"tags":[],"_links":{"self":[{"href":"https:\/\/acs.org.br\/academy\/wp-json\/wp\/v2\/posts\/85029"}],"collection":[{"href":"https:\/\/acs.org.br\/academy\/wp-json\/wp\/v2\/posts"}],"about":[{"href":"https:\/\/acs.org.br\/academy\/wp-json\/wp\/v2\/types\/post"}],"author":[{"embeddable":true,"href":"https:\/\/acs.org.br\/academy\/wp-json\/wp\/v2\/users\/1"}],"replies":[{"embeddable":true,"href":"https:\/\/acs.org.br\/academy\/wp-json\/wp\/v2\/comments?post=85029"}],"version-history":[{"count":0,"href":"https:\/\/acs.org.br\/academy\/wp-json\/wp\/v2\/posts\/85029\/revisions"}],"wp:featuredmedia":[{"embeddable":true,"href":"https:\/\/acs.org.br\/academy\/wp-json\/wp\/v2\/media\/85012"}],"wp:attachment":[{"href":"https:\/\/acs.org.br\/academy\/wp-json\/wp\/v2\/media?parent=85029"}],"wp:term":[{"taxonomy":"category","embeddable":true,"href":"https:\/\/acs.org.br\/academy\/wp-json\/wp\/v2\/categories?post=85029"},{"taxonomy":"post_tag","embeddable":true,"href":"https:\/\/acs.org.br\/academy\/wp-json\/wp\/v2\/tags?post=85029"}],"curies":[{"name":"wp","href":"https:\/\/api.w.org\/{rel}","templated":true}]}}