{"id":84997,"date":"2018-12-05T17:27:22","date_gmt":"2018-12-05T19:27:22","guid":{"rendered":"http:\/\/127.0.0.1\/acs\/prefeito-de-santos-sanciona-lei-que-transforma-comite-de-transparencia-em-conselho\/"},"modified":"2018-12-05T17:27:22","modified_gmt":"2018-12-05T19:27:22","slug":"prefeito-de-santos-sanciona-lei-que-transforma-comite-de-transparencia-em-conselho","status":"publish","type":"post","link":"https:\/\/acs.org.br\/academy\/prefeito-de-santos-sanciona-lei-que-transforma-comite-de-transparencia-em-conselho\/","title":{"rendered":"Prefeito de Santos sanciona lei que transforma comit\u00ea de transpar\u00eancia em conselho"},"content":{"rendered":"<p align=\"center\" style=\"text-align: left;\"><i>A expectativa \u00e9 que, com a mudan\u00e7a, o \u00f3rg\u00e3o passe a ser mais pr\u00f3-ativo<\/i><\/p>\n<p align=\"center\"><b><i> <\/i><\/b><\/p>\n<p>Fonte: Assessoria de imprensa ACS<\/p>\n<p>O prefeito de Santos, Paulo Alexandre Barbosa, sancionou, nesta quarta-feira (5) a lei que transforma o Comit\u00ea Municipal de Transpar\u00eancia Institucional, Fiscaliza\u00e7\u00e3o Administrativa e Controle Social de Santos, grupo do qual a Associa\u00e7\u00e3o Comercial de Santos \u00e9 integrante, em um conselho. A expectativa \u00e9 que, com a mudan\u00e7a, o \u00f3rg\u00e3o passe a ser mais pr\u00f3-ativo<\/p>\n<p>A C\u00e2mara de Vereadores de Santos aprovou a mudan\u00e7a &nbsp;no m\u00eas passado e faltava apenas a san\u00e7\u00e3o do prefeito.<\/p>\n<p>O presidente do Comit\u00ea, &nbsp;promotor de justi\u00e7a aposentado Oct\u00e1vio Borba de Vasconcellos Filho, explicou que o pedido para essa altera\u00e7\u00e3o surgiu porque os membros sentiram a necessidade de atuar com mais efic\u00e1cia, para fortalecer o comit\u00ea.<\/p>\n<p>\u201cA altera\u00e7\u00e3o ir\u00e1 refor\u00e7ar nossa fun\u00e7\u00e3o de orientar os mun\u00edcipes a sanar, nos meios de comunica\u00e7\u00e3o da Prefeitura, suas d\u00favidas e tamb\u00e9m de fornecer essas ferramentas \u00e0 administra\u00e7\u00e3o municipal, para que ela se torne cada vez mais transparente\u201d.<\/p>\n<p>Atualmente, o Comit\u00ea tem participa\u00e7\u00e3o importante, mas com limita\u00e7\u00f5es. Com a mudan\u00e7a, ser\u00e1 permitido que mais entidades participem e fiscalizem a atua\u00e7\u00e3o do Conselho.<\/p>\n<p><b> <\/b><\/p>\n<p><b> <\/b><\/p>\n<p><b> <\/b><\/p>\n<p><b>Sobre o comit\u00ea<\/b><\/p>\n<p>Em junho de 2016 foi institu\u00eddo o Comit\u00ea Municipal de Transpar\u00eancia Institucional, Fiscaliza\u00e7\u00e3o Administrativa e Controle Social de Santos, por meio do decreto n\u00ba 7.474, que criou o grupo de assessoramento, e da portaria n\u00ba 93, que nomeou os seus membros.<\/p>\n<p>Entre as atribui\u00e7\u00f5es do comit\u00ea est\u00e3o: opinar sobre as diretrizes de fiscaliza\u00e7\u00e3o do Poder Executivo e contribuir para formula\u00e7\u00e3o das pol\u00edticas de transpar\u00eancia e de fomento ao controle social, bem como de preven\u00e7\u00e3o e combate \u00e0 corrup\u00e7\u00e3o; monitorar a execu\u00e7\u00e3o de metas relativas \u00e0 transpar\u00eancia institucional, \u00e0 fiscaliza\u00e7\u00e3o administrativa e ao controle social no programa de Participa\u00e7\u00e3o Direta nos Resultados (PDR), propondo indicadores de avalia\u00e7\u00e3o; monitorar as delibera\u00e7\u00f5es da Confer\u00eancia Nacional de Transpar\u00eancia e Controle Social (Consocial); zelar pelo acesso dos cidad\u00e3os a dados e informa\u00e7\u00f5es de interesse p\u00fablico, informando \u00e0s autoridades respons\u00e1veis sobre eventual descumprimento desse direito; e propor articula\u00e7\u00f5es com os conselhos de pol\u00edticas p\u00fablicas e outros espa\u00e7os de participa\u00e7\u00e3o e controle social.<\/p>\n","protected":false},"excerpt":{"rendered":"<p>A expectativa \u00e9 que, com a mudan\u00e7a, o \u00f3rg\u00e3o passe a ser mais pr\u00f3-ativo Fonte: Assessoria de imprensa ACS O prefeito de Santos, Paulo Alexandre Barbosa, sancionou, nesta quarta-feira (5) a lei que transforma o Comit\u00ea Municipal de Transpar\u00eancia Institucional, Fiscaliza\u00e7\u00e3o Administrativa e Controle Social de Santos, grupo do qual a Associa\u00e7\u00e3o Comercial de Santos [&hellip;]<\/p>\n","protected":false},"author":1,"featured_media":0,"comment_status":"open","ping_status":"open","sticky":false,"template":"","format":"standard","meta":{"footnotes":""},"categories":[84],"tags":[],"_links":{"self":[{"href":"https:\/\/acs.org.br\/academy\/wp-json\/wp\/v2\/posts\/84997"}],"collection":[{"href":"https:\/\/acs.org.br\/academy\/wp-json\/wp\/v2\/posts"}],"about":[{"href":"https:\/\/acs.org.br\/academy\/wp-json\/wp\/v2\/types\/post"}],"author":[{"embeddable":true,"href":"https:\/\/acs.org.br\/academy\/wp-json\/wp\/v2\/users\/1"}],"replies":[{"embeddable":true,"href":"https:\/\/acs.org.br\/academy\/wp-json\/wp\/v2\/comments?post=84997"}],"version-history":[{"count":0,"href":"https:\/\/acs.org.br\/academy\/wp-json\/wp\/v2\/posts\/84997\/revisions"}],"wp:attachment":[{"href":"https:\/\/acs.org.br\/academy\/wp-json\/wp\/v2\/media?parent=84997"}],"wp:term":[{"taxonomy":"category","embeddable":true,"href":"https:\/\/acs.org.br\/academy\/wp-json\/wp\/v2\/categories?post=84997"},{"taxonomy":"post_tag","embeddable":true,"href":"https:\/\/acs.org.br\/academy\/wp-json\/wp\/v2\/tags?post=84997"}],"curies":[{"name":"wp","href":"https:\/\/api.w.org\/{rel}","templated":true}]}}