{"id":84981,"date":"2018-11-30T01:00:00","date_gmt":"2018-11-30T03:00:00","guid":{"rendered":"http:\/\/127.0.0.1\/acs\/secretario-de-mobilidade-urbana-e-protecao-ao-cidadao-recebe-homenagem-por-trabalho-desenvolvido-na-defesa-civil-prefeitura-de-caraguatatuba-30-11-2018\/"},"modified":"2018-11-30T01:00:00","modified_gmt":"2018-11-30T03:00:00","slug":"secretario-de-mobilidade-urbana-e-protecao-ao-cidadao-recebe-homenagem-por-trabalho-desenvolvido-na-defesa-civil-prefeitura-de-caraguatatuba-30-11-2018","status":"publish","type":"post","link":"https:\/\/acs.org.br\/academy\/secretario-de-mobilidade-urbana-e-protecao-ao-cidadao-recebe-homenagem-por-trabalho-desenvolvido-na-defesa-civil-prefeitura-de-caraguatatuba-30-11-2018\/","title":{"rendered":"Secret\u00e1rio de Mobilidade Urbana e Prote\u00e7\u00e3o ao Cidad\u00e3o recebe homenagem por trabalho desenvolvido na Defesa Civil &#8211; Prefeitura de Caraguatatuba &#8211; 30\/11\/2018"},"content":{"rendered":"<p>Fonte: Prefeitura de Caraguatatuba<\/p>\n<p>A Coordenadoria Estadual de Prote\u00e7\u00e3o e Defesa Civil da Casa Militar do Governo do Estado de S\u00e3o Paulo homenageou hoje (30\/12) o vice-prefeito e secret\u00e1rio de Mobilidade Urbana e Prote\u00e7\u00e3o ao Cidad\u00e3o, Capit\u00e3o Campos J\u00fanior com a Medalha da Defesa Civil.<\/p>\n<p><a target=\"_blank\" href=\"http:\/\/127.0.0.1\/acs\/wp-content\/uploads\/2018\/11\/PDF_2018_NOVEMBRO_DEFESA-CARAGUA-30.pdf\" rel=\"noopener\">LEIA MAIS&#8230;<\/a><\/p>\n","protected":false},"excerpt":{"rendered":"<p>Fonte: Prefeitura de Caraguatatuba A Coordenadoria Estadual de Prote\u00e7\u00e3o e Defesa Civil da Casa Militar do Governo do Estado de S\u00e3o Paulo homenageou hoje (30\/12) o vice-prefeito e secret\u00e1rio de Mobilidade Urbana e Prote\u00e7\u00e3o ao Cidad\u00e3o, Capit\u00e3o Campos J\u00fanior com a Medalha da Defesa Civil. LEIA MAIS&#8230;<\/p>\n","protected":false},"author":1,"featured_media":0,"comment_status":"open","ping_status":"open","sticky":false,"template":"","format":"standard","meta":{"footnotes":""},"categories":[98],"tags":[],"_links":{"self":[{"href":"https:\/\/acs.org.br\/academy\/wp-json\/wp\/v2\/posts\/84981"}],"collection":[{"href":"https:\/\/acs.org.br\/academy\/wp-json\/wp\/v2\/posts"}],"about":[{"href":"https:\/\/acs.org.br\/academy\/wp-json\/wp\/v2\/types\/post"}],"author":[{"embeddable":true,"href":"https:\/\/acs.org.br\/academy\/wp-json\/wp\/v2\/users\/1"}],"replies":[{"embeddable":true,"href":"https:\/\/acs.org.br\/academy\/wp-json\/wp\/v2\/comments?post=84981"}],"version-history":[{"count":0,"href":"https:\/\/acs.org.br\/academy\/wp-json\/wp\/v2\/posts\/84981\/revisions"}],"wp:attachment":[{"href":"https:\/\/acs.org.br\/academy\/wp-json\/wp\/v2\/media?parent=84981"}],"wp:term":[{"taxonomy":"category","embeddable":true,"href":"https:\/\/acs.org.br\/academy\/wp-json\/wp\/v2\/categories?post=84981"},{"taxonomy":"post_tag","embeddable":true,"href":"https:\/\/acs.org.br\/academy\/wp-json\/wp\/v2\/tags?post=84981"}],"curies":[{"name":"wp","href":"https:\/\/api.w.org\/{rel}","templated":true}]}}