{"id":84979,"date":"2018-11-30T01:00:00","date_gmt":"2018-11-30T03:00:00","guid":{"rendered":"http:\/\/127.0.0.1\/acs\/plano-de-defesa-civil-comemora-30-anos-de-operacao-prefeitura-municipal-de-santos-30-11-2018\/"},"modified":"2018-11-30T01:00:00","modified_gmt":"2018-11-30T03:00:00","slug":"plano-de-defesa-civil-comemora-30-anos-de-operacao-prefeitura-municipal-de-santos-30-11-2018","status":"publish","type":"post","link":"https:\/\/acs.org.br\/academy\/plano-de-defesa-civil-comemora-30-anos-de-operacao-prefeitura-municipal-de-santos-30-11-2018\/","title":{"rendered":"Plano de Defesa Civil comemora 30 anos de opera\u00e7\u00e3o &#8211; Prefeitura Municipal de Santos &#8211; 30\/11\/2018"},"content":{"rendered":"<p>Fonte: Prefeitura Municipal de Santos<\/p>\n<p>A hist\u00f3ria e o aprimoramento do Plano Preventivo de Defesa Civil (PPDC) ao longo do tempo foram reverenciados nesta sexta-feira (30) na Associa\u00e7\u00e3o Comercial de Santos, durante o lan\u00e7amento da edi\u00e7\u00e3o 2018\/2019 da opera\u00e7\u00e3o, que marcou os 30 anos de sua implementa\u00e7\u00e3o no Estado de S\u00e3o Paulo.<\/p>\n<p><a href=\"http:\/\/127.0.0.1\/acs\/wp-content\/uploads\/2018\/11\/PDF_2018_NOVEMBRO_DEFESA-PMS-30.pdf\" target=\"_blank\" rel=\"noopener\">LEIA MAIS&#8230;<\/a><\/p>\n","protected":false},"excerpt":{"rendered":"<p>Fonte: Prefeitura Municipal de Santos A hist\u00f3ria e o aprimoramento do Plano Preventivo de Defesa Civil (PPDC) ao longo do tempo foram reverenciados nesta sexta-feira (30) na Associa\u00e7\u00e3o Comercial de Santos, durante o lan\u00e7amento da edi\u00e7\u00e3o 2018\/2019 da opera\u00e7\u00e3o, que marcou os 30 anos de sua implementa\u00e7\u00e3o no Estado de S\u00e3o Paulo. LEIA MAIS&#8230;<\/p>\n","protected":false},"author":1,"featured_media":0,"comment_status":"open","ping_status":"open","sticky":false,"template":"","format":"standard","meta":{"footnotes":""},"categories":[98],"tags":[],"_links":{"self":[{"href":"https:\/\/acs.org.br\/academy\/wp-json\/wp\/v2\/posts\/84979"}],"collection":[{"href":"https:\/\/acs.org.br\/academy\/wp-json\/wp\/v2\/posts"}],"about":[{"href":"https:\/\/acs.org.br\/academy\/wp-json\/wp\/v2\/types\/post"}],"author":[{"embeddable":true,"href":"https:\/\/acs.org.br\/academy\/wp-json\/wp\/v2\/users\/1"}],"replies":[{"embeddable":true,"href":"https:\/\/acs.org.br\/academy\/wp-json\/wp\/v2\/comments?post=84979"}],"version-history":[{"count":0,"href":"https:\/\/acs.org.br\/academy\/wp-json\/wp\/v2\/posts\/84979\/revisions"}],"wp:attachment":[{"href":"https:\/\/acs.org.br\/academy\/wp-json\/wp\/v2\/media?parent=84979"}],"wp:term":[{"taxonomy":"category","embeddable":true,"href":"https:\/\/acs.org.br\/academy\/wp-json\/wp\/v2\/categories?post=84979"},{"taxonomy":"post_tag","embeddable":true,"href":"https:\/\/acs.org.br\/academy\/wp-json\/wp\/v2\/tags?post=84979"}],"curies":[{"name":"wp","href":"https:\/\/api.w.org\/{rel}","templated":true}]}}