{"id":84960,"date":"2018-11-30T01:00:00","date_gmt":"2018-11-30T03:00:00","guid":{"rendered":"http:\/\/127.0.0.1\/acs\/obras-do-novo-parque-tecnologico-de-santos-serao-entregues-em-2019-a-tribuna-digital-30-11-2018\/"},"modified":"2018-11-30T01:00:00","modified_gmt":"2018-11-30T03:00:00","slug":"obras-do-novo-parque-tecnologico-de-santos-serao-entregues-em-2019-a-tribuna-digital-30-11-2018","status":"publish","type":"post","link":"https:\/\/acs.org.br\/academy\/obras-do-novo-parque-tecnologico-de-santos-serao-entregues-em-2019-a-tribuna-digital-30-11-2018\/","title":{"rendered":"Obras do novo Parque Tecnol\u00f3gico de Santos ser\u00e3o entregues em 2019 &#8211; A Tribuna digital &#8211; 30\/11\/2018"},"content":{"rendered":"<p>\u200eFonte: A Tribuna digital&nbsp;<\/p>\n<p>Com obras retomadas em janeiro passado, a futura sede da Funda\u00e7\u00e3o Parque Tecnol\u00f3gico de Santos ser\u00e1 finalizada no pr\u00f3ximo ano.<\/p>\n<p><a target=\"_blank\" href=\"http:\/\/127.0.0.1\/acs\/wp-content\/uploads\/2018\/11\/PDF_2018_NOVEMBRO_PARQUETECNO-TRIDIG-30.pdf\" rel=\"noopener\">LEIA MAIS&#8230;<\/a><\/p>\n<p>\u00a0<\/p>\n","protected":false},"excerpt":{"rendered":"<p>\u200eFonte: A Tribuna digital&nbsp; Com obras retomadas em janeiro passado, a futura sede da Funda\u00e7\u00e3o Parque Tecnol\u00f3gico de Santos ser\u00e1 finalizada no pr\u00f3ximo ano. LEIA MAIS&#8230; \u00a0<\/p>\n","protected":false},"author":1,"featured_media":0,"comment_status":"open","ping_status":"open","sticky":false,"template":"","format":"standard","meta":{"footnotes":""},"categories":[98],"tags":[],"_links":{"self":[{"href":"https:\/\/acs.org.br\/academy\/wp-json\/wp\/v2\/posts\/84960"}],"collection":[{"href":"https:\/\/acs.org.br\/academy\/wp-json\/wp\/v2\/posts"}],"about":[{"href":"https:\/\/acs.org.br\/academy\/wp-json\/wp\/v2\/types\/post"}],"author":[{"embeddable":true,"href":"https:\/\/acs.org.br\/academy\/wp-json\/wp\/v2\/users\/1"}],"replies":[{"embeddable":true,"href":"https:\/\/acs.org.br\/academy\/wp-json\/wp\/v2\/comments?post=84960"}],"version-history":[{"count":0,"href":"https:\/\/acs.org.br\/academy\/wp-json\/wp\/v2\/posts\/84960\/revisions"}],"wp:attachment":[{"href":"https:\/\/acs.org.br\/academy\/wp-json\/wp\/v2\/media?parent=84960"}],"wp:term":[{"taxonomy":"category","embeddable":true,"href":"https:\/\/acs.org.br\/academy\/wp-json\/wp\/v2\/categories?post=84960"},{"taxonomy":"post_tag","embeddable":true,"href":"https:\/\/acs.org.br\/academy\/wp-json\/wp\/v2\/tags?post=84960"}],"curies":[{"name":"wp","href":"https:\/\/api.w.org\/{rel}","templated":true}]}}