{"id":84952,"date":"2018-12-02T01:00:00","date_gmt":"2018-12-02T03:00:00","guid":{"rendered":"http:\/\/127.0.0.1\/acs\/empresarios-planejam-criar-conselho-de-desenvolvimento-a-tribuna-02-12-2018\/"},"modified":"2018-12-02T01:00:00","modified_gmt":"2018-12-02T03:00:00","slug":"empresarios-planejam-criar-conselho-de-desenvolvimento-a-tribuna-02-12-2018","status":"publish","type":"post","link":"https:\/\/acs.org.br\/academy\/empresarios-planejam-criar-conselho-de-desenvolvimento-a-tribuna-02-12-2018\/","title":{"rendered":"Empres\u00e1rios planejam criar conselho de desenvolvimento \u2013 A Tribuna &#8211; 02\/12\/2018"},"content":{"rendered":"<p>Fonte: A Tribuna&nbsp;<\/p>\n<p>Criar um conselho de desenvolvimento econ\u00f4mico com a participa\u00e7\u00e3o de v\u00e1rios setores organizados da sociedade civil com o objetivo de planejar o futuro e fomentar atividades em Santos. \u00c9 o que pretende um grupo de empres\u00e1rios da Cidade.<\/p>\n<p><a target=\"_blank\" href=\"http:\/\/127.0.0.1\/acs\/wp-content\/uploads\/2018\/12\/PDF_2018_DEZEMBRO_FUTURO-TRI-02.pdf\" rel=\"noopener\">LEIA MAIS&#8230;<\/a><\/p>\n<p>\u00a0<\/p>\n","protected":false},"excerpt":{"rendered":"<p>Fonte: A Tribuna&nbsp; Criar um conselho de desenvolvimento econ\u00f4mico com a participa\u00e7\u00e3o de v\u00e1rios setores organizados da sociedade civil com o objetivo de planejar o futuro e fomentar atividades em Santos. \u00c9 o que pretende um grupo de empres\u00e1rios da Cidade. LEIA MAIS&#8230; \u00a0<\/p>\n","protected":false},"author":1,"featured_media":0,"comment_status":"open","ping_status":"open","sticky":false,"template":"","format":"standard","meta":{"footnotes":""},"categories":[98],"tags":[],"_links":{"self":[{"href":"https:\/\/acs.org.br\/academy\/wp-json\/wp\/v2\/posts\/84952"}],"collection":[{"href":"https:\/\/acs.org.br\/academy\/wp-json\/wp\/v2\/posts"}],"about":[{"href":"https:\/\/acs.org.br\/academy\/wp-json\/wp\/v2\/types\/post"}],"author":[{"embeddable":true,"href":"https:\/\/acs.org.br\/academy\/wp-json\/wp\/v2\/users\/1"}],"replies":[{"embeddable":true,"href":"https:\/\/acs.org.br\/academy\/wp-json\/wp\/v2\/comments?post=84952"}],"version-history":[{"count":0,"href":"https:\/\/acs.org.br\/academy\/wp-json\/wp\/v2\/posts\/84952\/revisions"}],"wp:attachment":[{"href":"https:\/\/acs.org.br\/academy\/wp-json\/wp\/v2\/media?parent=84952"}],"wp:term":[{"taxonomy":"category","embeddable":true,"href":"https:\/\/acs.org.br\/academy\/wp-json\/wp\/v2\/categories?post=84952"},{"taxonomy":"post_tag","embeddable":true,"href":"https:\/\/acs.org.br\/academy\/wp-json\/wp\/v2\/tags?post=84952"}],"curies":[{"name":"wp","href":"https:\/\/api.w.org\/{rel}","templated":true}]}}