{"id":84933,"date":"2018-11-30T12:06:18","date_gmt":"2018-11-30T14:06:18","guid":{"rendered":"http:\/\/127.0.0.1\/acs\/defesa-civil\/"},"modified":"2018-11-30T12:06:18","modified_gmt":"2018-11-30T14:06:18","slug":"defesa-civil","status":"publish","type":"post","link":"https:\/\/acs.org.br\/academy\/defesa-civil\/","title":{"rendered":"Plano Preventivo de Defesa Civil comemora 30 anos na Associa\u00e7\u00e3o Comercial de Santos"},"content":{"rendered":"<p style=\"text-align: left;\" align=\"center\">Fonte: Assessoria de imprensa ACS<\/p>\n<p>O Plano Preventivo de Defesa Civil do Estado de S\u00e3o Paulo (PPDC) fez 30 anos em 2018 e a solenidade de comemora\u00e7\u00e3o foi realizada nesta sexta-feira (30) no audit\u00f3rio da Associa\u00e7\u00e3o Comercial de Santos (ACS).<\/p>\n<\/p>\n<p>Participaram da cerim\u00f4nia a coronel PM Helena dos Santos Reis, secret\u00e1ria-chefe da Casa Militar e coordenadora estadual de Defesa Civil; a coordenadora da Defesa Civil da Regi\u00e3o Metropolitana da Baixada Santista, Regina Elsa Araujo; al\u00e9m representantes dos munic\u00edpios que comp\u00f5em a Baixada Santista, como o vice-prefeito de Santos, Sandoval Soares, e tamb\u00e9m autoridades de outras cidades do litoral norte do Estado.<\/p>\n<p><img loading=\"lazy\" decoding=\"async\" class=\" size-full wp-image-84925\" src=\"http:\/\/127.0.0.1\/acs\/wp-content\/uploads\/2018\/11\/WEB_2018_NOVEMBRO_DEFESA-W_DEFESA_0012.jpg\" width=\"570\" height=\"389\" srcset=\"https:\/\/acs.org.br\/academy\/wp-content\/uploads\/2018\/11\/WEB_2018_NOVEMBRO_DEFESA-W_DEFESA_0012.jpg 570w, https:\/\/acs.org.br\/academy\/wp-content\/uploads\/2018\/11\/WEB_2018_NOVEMBRO_DEFESA-W_DEFESA_0012-300x205.jpg 300w\" sizes=\"(max-width: 570px) 100vw, 570px\" \/><\/p>\n<p>Durante a cerim\u00f4nia, foram apresentadas as a\u00e7\u00f5es do PPDC ao longo dos seus 30 anos de exist\u00eancia e realizadas homenagens a pessoas que integraram o programa nesse per\u00edodo, com a entrega, inclusive, dos chamados diplomas Omnium Horarum Homo (que significa Homem de todas as honras).&nbsp;<\/p>\n<p>Tamb\u00e9m foi lan\u00e7ado durante o evento a Opera\u00e7\u00e3o Chuvas de Ver\u00e3o 2018\/2019, que come\u00e7a em 1 de dezembro e vai at\u00e9 31 de mar\u00e7o, podendo ser prorrogada conforme a necessidade. A iniciativa tem o prop\u00f3sito de preservar vidas e reduzir danos humanos, materiais e ambientais, principalmente no per\u00edodo de chuvas que se aproxima.<\/p>\n<p>Entre os homenageados, estava a coordenadora da Defesa Civil da Regi\u00e3o Metropolitana da Baixada Santista, Regina Elsa Araujo, que foi uma das respons\u00e1veis pela cria\u00e7\u00e3o do PPDC, h\u00e1 30 anos.<\/p>\n<p><img loading=\"lazy\" decoding=\"async\" class=\" size-full wp-image-84926\" src=\"http:\/\/127.0.0.1\/acs\/wp-content\/uploads\/2018\/11\/WEB_2018_NOVEMBRO_DEFESA-W_DEFESA_0071.jpg\" width=\"570\" height=\"428\" srcset=\"https:\/\/acs.org.br\/academy\/wp-content\/uploads\/2018\/11\/WEB_2018_NOVEMBRO_DEFESA-W_DEFESA_0071.jpg 570w, https:\/\/acs.org.br\/academy\/wp-content\/uploads\/2018\/11\/WEB_2018_NOVEMBRO_DEFESA-W_DEFESA_0071-300x225.jpg 300w\" sizes=\"(max-width: 570px) 100vw, 570px\" \/><\/p>\n<p>\u201cFoi o primeiro plano escrito especificamente para disciplinar a quest\u00e3o de atendimento em escorregamento de encostas. E eu fui uma das que escreveram e fui eu que implantei na regi\u00e3o\u201d.<\/p>\n<p>Ela lembra que notou-se a necessidade da cria\u00e7\u00e3o de um programa como o PPDC ap\u00f3s o Carnaval de 1988, quando as fortes chuvas que atingiram o litoral causaram um grande escorregamento na Cota 95, em Cubat\u00e3o, que levou 10 pessoas \u00e0 morte.<\/p>\n<p>\u201cAp\u00f3s esta ocorr\u00eancia, o Governo do Estado solicitou provid\u00eancias \u00e0s secretarias correspondentes para que montassem grupo para escrever um plano e estamos comemorando tr\u00eas d\u00e9cadas desse plano com o registro de cinco mortes em 30 anos\u201d.&nbsp;<\/p>\n<p>O Plano determina que cada Defesa Civil treine uma equipe, ap\u00f3s ter mapeado as \u00e1reas de risco de cada munic\u00edpio, e identifique as \u00e1reas sujeitas a escorregamentos. Essas \u00e1reas devem ser classificadas conforme o tamanho do risco, de 1 a 4 (sendo 4 o risco maior).&nbsp;<\/p>\n<p>Al\u00e9m do sucesso do plano, Regina Elsa ressalta que a cada ano melhorias t\u00eam sido implementadas.<\/p>\n<p>\u201cAtualmente qualquer cidad\u00e3o pode receber, por meio de mensagem no celular, avisos sobre as chuvas e as condi\u00e7\u00f5es do tempo, para que possa se proteger. Temos implantado a\u00e7\u00f5es usando a tecnologia, para que todos tenham acesso e procurem estar em seguran\u00e7a\u201d.<\/p>\n<p>A Coronel PM Helena dos Santos Reis, secret\u00e1ria-chefe da Casa Militar e coordenadora estadual de Defesa Civil, disse em sua fala que \u00e9 imposs\u00edvel mensurar quantas vidas foram salvas com PPDC.<\/p>\n<p><img loading=\"lazy\" decoding=\"async\" class=\" size-full wp-image-84927\" src=\"http:\/\/127.0.0.1\/acs\/wp-content\/uploads\/2018\/11\/WEB_2018_NOVEMBRO_DEFESA-W_DEFESA_0103.jpg\" width=\"570\" height=\"428\" srcset=\"https:\/\/acs.org.br\/academy\/wp-content\/uploads\/2018\/11\/WEB_2018_NOVEMBRO_DEFESA-W_DEFESA_0103.jpg 570w, https:\/\/acs.org.br\/academy\/wp-content\/uploads\/2018\/11\/WEB_2018_NOVEMBRO_DEFESA-W_DEFESA_0103-300x225.jpg 300w\" sizes=\"(max-width: 570px) 100vw, 570px\" \/><\/p>\n<p>\u201cEstimamos que foram muitas e isso \u00e9 o mais importante. A a\u00e7\u00e3o e dedica\u00e7\u00e3o de voc\u00eas foram respons\u00e1veis por salvar essas in\u00fameras vidas\u201d.<\/p>\n<p>O vice-prefeito de Santos, Sandoval Soares, destacou a import\u00e2ncia das defesas civis.<\/p>\n<p><img loading=\"lazy\" decoding=\"async\" class=\" size-full wp-image-84928\" src=\"http:\/\/127.0.0.1\/acs\/wp-content\/uploads\/2018\/11\/WEB_2018_NOVEMBRO_DEFESA-W_DEFESA_0091.jpg\" width=\"570\" height=\"437\" srcset=\"https:\/\/acs.org.br\/academy\/wp-content\/uploads\/2018\/11\/WEB_2018_NOVEMBRO_DEFESA-W_DEFESA_0091.jpg 570w, https:\/\/acs.org.br\/academy\/wp-content\/uploads\/2018\/11\/WEB_2018_NOVEMBRO_DEFESA-W_DEFESA_0091-300x230.jpg 300w\" sizes=\"(max-width: 570px) 100vw, 570px\" \/><\/p>\n<p>\u201cA Defesa Civil \u00e9 a arte de cuidar de vidas e educar tamb\u00e9m. Considero a Defesa Civil do Estado de S\u00e3o Paulo preparada como a de qualquer pa\u00eds de primeiro mundo. E mais ainda, porque aqui ela n\u00e3o significa s\u00f3 a\u00e7\u00e3o, mas tamb\u00e9m o aprendizado\u201d.<\/p>\n<p><img loading=\"lazy\" decoding=\"async\" class=\" size-full wp-image-84929\" src=\"http:\/\/127.0.0.1\/acs\/wp-content\/uploads\/2018\/11\/WEB_2018_NOVEMBRO_DEFESA-W_DEFESA_0029.jpg\" width=\"570\" height=\"414\" srcset=\"https:\/\/acs.org.br\/academy\/wp-content\/uploads\/2018\/11\/WEB_2018_NOVEMBRO_DEFESA-W_DEFESA_0029.jpg 570w, https:\/\/acs.org.br\/academy\/wp-content\/uploads\/2018\/11\/WEB_2018_NOVEMBRO_DEFESA-W_DEFESA_0029-300x218.jpg 300w\" sizes=\"(max-width: 570px) 100vw, 570px\" \/><\/p>\n<p><img loading=\"lazy\" decoding=\"async\" class=\" size-full wp-image-84930\" src=\"http:\/\/127.0.0.1\/acs\/wp-content\/uploads\/2018\/11\/WEB_2018_NOVEMBRO_DEFESA-W_DEFESA_0055.jpg\" width=\"570\" height=\"421\" srcset=\"https:\/\/acs.org.br\/academy\/wp-content\/uploads\/2018\/11\/WEB_2018_NOVEMBRO_DEFESA-W_DEFESA_0055.jpg 570w, https:\/\/acs.org.br\/academy\/wp-content\/uploads\/2018\/11\/WEB_2018_NOVEMBRO_DEFESA-W_DEFESA_0055-300x222.jpg 300w\" sizes=\"(max-width: 570px) 100vw, 570px\" \/><\/p>\n<p><img loading=\"lazy\" decoding=\"async\" class=\" size-full wp-image-84931\" src=\"http:\/\/127.0.0.1\/acs\/wp-content\/uploads\/2018\/11\/WEB_2018_NOVEMBRO_DEFESA-W_DEFESA_0058.jpg\" width=\"570\" height=\"451\" srcset=\"https:\/\/acs.org.br\/academy\/wp-content\/uploads\/2018\/11\/WEB_2018_NOVEMBRO_DEFESA-W_DEFESA_0058.jpg 570w, https:\/\/acs.org.br\/academy\/wp-content\/uploads\/2018\/11\/WEB_2018_NOVEMBRO_DEFESA-W_DEFESA_0058-300x237.jpg 300w\" sizes=\"(max-width: 570px) 100vw, 570px\" \/><\/p>\n<p><img loading=\"lazy\" decoding=\"async\" class=\" size-full wp-image-84932\" src=\"http:\/\/127.0.0.1\/acs\/wp-content\/uploads\/2018\/11\/WEB_2018_NOVEMBRO_DEFESA-W_DEFESA_0118.jpg\" width=\"570\" height=\"420\" srcset=\"https:\/\/acs.org.br\/academy\/wp-content\/uploads\/2018\/11\/WEB_2018_NOVEMBRO_DEFESA-W_DEFESA_0118.jpg 570w, https:\/\/acs.org.br\/academy\/wp-content\/uploads\/2018\/11\/WEB_2018_NOVEMBRO_DEFESA-W_DEFESA_0118-300x221.jpg 300w\" sizes=\"(max-width: 570px) 100vw, 570px\" \/><\/p>\n","protected":false},"excerpt":{"rendered":"<p>Fonte: Assessoria de imprensa ACS O Plano Preventivo de Defesa Civil do Estado de S\u00e3o Paulo (PPDC) fez 30 anos em 2018 e a solenidade de comemora\u00e7\u00e3o foi realizada nesta sexta-feira (30) no audit\u00f3rio da Associa\u00e7\u00e3o Comercial de Santos (ACS). Participaram da cerim\u00f4nia a coronel PM Helena dos Santos Reis, secret\u00e1ria-chefe da Casa Militar e [&hellip;]<\/p>\n","protected":false},"author":1,"featured_media":84924,"comment_status":"open","ping_status":"open","sticky":false,"template":"","format":"standard","meta":{"footnotes":""},"categories":[84],"tags":[],"_links":{"self":[{"href":"https:\/\/acs.org.br\/academy\/wp-json\/wp\/v2\/posts\/84933"}],"collection":[{"href":"https:\/\/acs.org.br\/academy\/wp-json\/wp\/v2\/posts"}],"about":[{"href":"https:\/\/acs.org.br\/academy\/wp-json\/wp\/v2\/types\/post"}],"author":[{"embeddable":true,"href":"https:\/\/acs.org.br\/academy\/wp-json\/wp\/v2\/users\/1"}],"replies":[{"embeddable":true,"href":"https:\/\/acs.org.br\/academy\/wp-json\/wp\/v2\/comments?post=84933"}],"version-history":[{"count":0,"href":"https:\/\/acs.org.br\/academy\/wp-json\/wp\/v2\/posts\/84933\/revisions"}],"wp:featuredmedia":[{"embeddable":true,"href":"https:\/\/acs.org.br\/academy\/wp-json\/wp\/v2\/media\/84924"}],"wp:attachment":[{"href":"https:\/\/acs.org.br\/academy\/wp-json\/wp\/v2\/media?parent=84933"}],"wp:term":[{"taxonomy":"category","embeddable":true,"href":"https:\/\/acs.org.br\/academy\/wp-json\/wp\/v2\/categories?post=84933"},{"taxonomy":"post_tag","embeddable":true,"href":"https:\/\/acs.org.br\/academy\/wp-json\/wp\/v2\/tags?post=84933"}],"curies":[{"name":"wp","href":"https:\/\/api.w.org\/{rel}","templated":true}]}}