{"id":84869,"date":"2018-11-22T01:00:00","date_gmt":"2018-11-22T03:00:00","guid":{"rendered":"http:\/\/127.0.0.1\/acs\/santos-recebera-o-projeto-o-futuro-da-minha-cidade-sinduscon-22-11-2018\/"},"modified":"2018-11-22T01:00:00","modified_gmt":"2018-11-22T03:00:00","slug":"santos-recebera-o-projeto-o-futuro-da-minha-cidade-sinduscon-22-11-2018","status":"publish","type":"post","link":"https:\/\/acs.org.br\/academy\/santos-recebera-o-projeto-o-futuro-da-minha-cidade-sinduscon-22-11-2018\/","title":{"rendered":"Santos receber\u00e1 o projeto \u201cO futuro da minha cidade\u201d &#8211; SindusCon &#8211; 22\/11\/2018"},"content":{"rendered":"<p>Fonte: SindusCon &#8211; 22\/11\/2018<\/p>\n<p>A C\u00e2mara Brasileira da Ind\u00fastria da Constru\u00e7\u00e3o (CBIC), em correaliza\u00e7\u00e3o com o Sesi Nacional, e parceria com o SindusCon-SP, a Associa\u00e7\u00e3o Comercial de Santos, a Associa\u00e7\u00e3o Empres\u00e1rios Constru\u00e7\u00e3o Civil da Baixada Santista (Assecob) e o Secovi-SP, v\u00e3o realizar dia 6 de dezembro, em Santos, o evento \u201cO futuro da minha cidade\u201d. Esta \u00e9 a primeira vez que o Estado de S\u00e3o Paulo recebe o projeto.<\/p>\n<p><a href=\"http:\/\/127.0.0.1\/acs\/wp-content\/uploads\/2018\/11\/PDF_2018_NOVEMBRO_FUTURO-SINDUSCON-22.pdf\" target=\"_blank\" rel=\"noopener\">LEIA MAIS&#8230;<\/a><\/p>\n","protected":false},"excerpt":{"rendered":"<p>Fonte: SindusCon &#8211; 22\/11\/2018 A C\u00e2mara Brasileira da Ind\u00fastria da Constru\u00e7\u00e3o (CBIC), em correaliza\u00e7\u00e3o com o Sesi Nacional, e parceria com o SindusCon-SP, a Associa\u00e7\u00e3o Comercial de Santos, a Associa\u00e7\u00e3o Empres\u00e1rios Constru\u00e7\u00e3o Civil da Baixada Santista (Assecob) e o Secovi-SP, v\u00e3o realizar dia 6 de dezembro, em Santos, o evento \u201cO futuro da minha cidade\u201d. [&hellip;]<\/p>\n","protected":false},"author":1,"featured_media":0,"comment_status":"open","ping_status":"open","sticky":false,"template":"","format":"standard","meta":{"footnotes":""},"categories":[98],"tags":[],"_links":{"self":[{"href":"https:\/\/acs.org.br\/academy\/wp-json\/wp\/v2\/posts\/84869"}],"collection":[{"href":"https:\/\/acs.org.br\/academy\/wp-json\/wp\/v2\/posts"}],"about":[{"href":"https:\/\/acs.org.br\/academy\/wp-json\/wp\/v2\/types\/post"}],"author":[{"embeddable":true,"href":"https:\/\/acs.org.br\/academy\/wp-json\/wp\/v2\/users\/1"}],"replies":[{"embeddable":true,"href":"https:\/\/acs.org.br\/academy\/wp-json\/wp\/v2\/comments?post=84869"}],"version-history":[{"count":0,"href":"https:\/\/acs.org.br\/academy\/wp-json\/wp\/v2\/posts\/84869\/revisions"}],"wp:attachment":[{"href":"https:\/\/acs.org.br\/academy\/wp-json\/wp\/v2\/media?parent=84869"}],"wp:term":[{"taxonomy":"category","embeddable":true,"href":"https:\/\/acs.org.br\/academy\/wp-json\/wp\/v2\/categories?post=84869"},{"taxonomy":"post_tag","embeddable":true,"href":"https:\/\/acs.org.br\/academy\/wp-json\/wp\/v2\/tags?post=84869"}],"curies":[{"name":"wp","href":"https:\/\/api.w.org\/{rel}","templated":true}]}}