{"id":84867,"date":"2018-11-22T01:00:00","date_gmt":"2018-11-22T03:00:00","guid":{"rendered":"http:\/\/127.0.0.1\/acs\/associacao-comercial-de-santos-recebe-projeto-o-futuro-da-minha-cidade-facesp-22-11-2018\/"},"modified":"2018-11-22T01:00:00","modified_gmt":"2018-11-22T03:00:00","slug":"associacao-comercial-de-santos-recebe-projeto-o-futuro-da-minha-cidade-facesp-22-11-2018","status":"publish","type":"post","link":"https:\/\/acs.org.br\/academy\/associacao-comercial-de-santos-recebe-projeto-o-futuro-da-minha-cidade-facesp-22-11-2018\/","title":{"rendered":"Associa\u00e7\u00e3o Comercial de Santos recebe projeto \u201cO Futuro da Minha Cidade\u201d &#8211; Facesp &#8211; 22\/11\/2018"},"content":{"rendered":"<p>Fonte: Facesp &#8211; 22\/11\/2018<\/p>\n<p>A Associa\u00e7\u00e3o Comercial de Santos, em conjunto com a Assecob, Sinduscon e Secob, receber\u00e1 no dia 6 de dezembro, a partir das 14h30, o projeto \u201cO Futuro da Minha Cidade\u201d, criado com o objetivo de incentivar e fortalecer o protagonismo da sociedade civil organizada para pensar, discutir e atuar diretamente no planejamento futuro dos munic\u00edpios.<\/p>\n<p><a target=\"_blank\" href=\"http:\/\/127.0.0.1\/acs\/wp-content\/uploads\/2018\/11\/PDF_2018_NOVEMBRO_FUTURO-FACESP-22.pdf\" rel=\"noopener\">LEIA MAIS&#8230;<\/a><\/p>\n<p>\u00a0<\/p>\n","protected":false},"excerpt":{"rendered":"<p>Fonte: Facesp &#8211; 22\/11\/2018 A Associa\u00e7\u00e3o Comercial de Santos, em conjunto com a Assecob, Sinduscon e Secob, receber\u00e1 no dia 6 de dezembro, a partir das 14h30, o projeto \u201cO Futuro da Minha Cidade\u201d, criado com o objetivo de incentivar e fortalecer o protagonismo da sociedade civil organizada para pensar, discutir e atuar diretamente no [&hellip;]<\/p>\n","protected":false},"author":1,"featured_media":0,"comment_status":"open","ping_status":"open","sticky":false,"template":"","format":"standard","meta":{"footnotes":""},"categories":[98],"tags":[],"_links":{"self":[{"href":"https:\/\/acs.org.br\/academy\/wp-json\/wp\/v2\/posts\/84867"}],"collection":[{"href":"https:\/\/acs.org.br\/academy\/wp-json\/wp\/v2\/posts"}],"about":[{"href":"https:\/\/acs.org.br\/academy\/wp-json\/wp\/v2\/types\/post"}],"author":[{"embeddable":true,"href":"https:\/\/acs.org.br\/academy\/wp-json\/wp\/v2\/users\/1"}],"replies":[{"embeddable":true,"href":"https:\/\/acs.org.br\/academy\/wp-json\/wp\/v2\/comments?post=84867"}],"version-history":[{"count":0,"href":"https:\/\/acs.org.br\/academy\/wp-json\/wp\/v2\/posts\/84867\/revisions"}],"wp:attachment":[{"href":"https:\/\/acs.org.br\/academy\/wp-json\/wp\/v2\/media?parent=84867"}],"wp:term":[{"taxonomy":"category","embeddable":true,"href":"https:\/\/acs.org.br\/academy\/wp-json\/wp\/v2\/categories?post=84867"},{"taxonomy":"post_tag","embeddable":true,"href":"https:\/\/acs.org.br\/academy\/wp-json\/wp\/v2\/tags?post=84867"}],"curies":[{"name":"wp","href":"https:\/\/api.w.org\/{rel}","templated":true}]}}