{"id":84845,"date":"2018-11-23T17:51:49","date_gmt":"2018-11-23T19:51:49","guid":{"rendered":"http:\/\/127.0.0.1\/acs\/associacao-comercial-de-santos-recebe-projeto-o-futuro-da-minha-cidade\/"},"modified":"2018-11-23T17:51:49","modified_gmt":"2018-11-23T19:51:49","slug":"associacao-comercial-de-santos-recebe-projeto-o-futuro-da-minha-cidade","status":"publish","type":"post","link":"https:\/\/acs.org.br\/academy\/associacao-comercial-de-santos-recebe-projeto-o-futuro-da-minha-cidade\/","title":{"rendered":"Associa\u00e7\u00e3o Comercial de Santos recebe projeto \u201cO Futuro da Minha Cidade\u201d"},"content":{"rendered":"<p align=\"center\" style=\"text-align: left;\">Fonte: Assessoria de imprensa ACS<\/p>\n<p>A Associa\u00e7\u00e3o Comercial de Santos, em conjunto com a Assecob, Sinduscon e Secob, receber\u00e1 no dia 6 de dezembro, a partir das 14h30, o projeto \u201cO Futuro da Minha Cidade\u201d, criado com o objetivo de incentivar e fortalecer o protagonismo da sociedade civil organizada para pensar, discutir e atuar diretamente no planejamento futuro dos munic\u00edpios.<\/p>\n<p>Uma iniciativa da C\u00e2mara Brasileira da Ind\u00fastria da Constru\u00e7\u00e3o (CBIC), tamb\u00e9m em parceria com o Sesi Nacional, o projeto vem sendo desenvolvido desde 2012 e surgiu a partir da experi\u00eancia bem-sucedida da cidade de Maring\u00e1-PR, por meio do seu Conselho de Desenvolvimento Econ\u00f4mico \u2013 CODEM.<\/p>\n<p>Atuante h\u00e1 mais de 20 anos, este conselho tem car\u00e1ter deliberativo e consultivo e sua finalidade \u00e9 propor e executar pol\u00edticas de desenvolvimento econ\u00f4mico, social e planejamento urbano. De participa\u00e7\u00e3o volunt\u00e1ria e apartid\u00e1ria, com vis\u00e3o e planejamento de futuro, a iniciativa tem alcan\u00e7ado excelentes resultados.<\/p>\n<p>Durante a realiza\u00e7\u00e3o do FICON 2018 \u2013 F\u00f3rum da Ind\u00fastria da Constru\u00e7\u00e3o de Santos e Regi\u00e3o, realizado em 15 de agosto deste ano, o presidente da CBIC, Jos\u00e9 Carlos Rodrigues Martins, sugeriu que o projeto \u201cO Futuro da Minha Cidade\u201d fosse trazido para Santos.<\/p>\n<p>A partir da\u00ed, a Associa\u00e7\u00e3o Comercial de Santos, a ASSECOB \u2013 Associa\u00e7\u00e3o dos Empres\u00e1rios da Constru\u00e7\u00e3o Civil, o SindusCon-SP e o Secovi-SP se uniram para trazer o projeto a cidade, mais especificamente \u00e0 sede ACS.<\/p>\n<p>Segundo o presidente da Associa\u00e7\u00e3o Comercial de Santos, Roberto Clemente Santini,&nbsp;trata-se de uma iniciativa muito importante para o desenvolvimento da regi\u00e3o. \u201cParticularmente, esse encontro poder\u00e1 marcar uma nova etapa para Santos, estabelecendo uma nova rela\u00e7\u00e3o entre o poder p\u00fablico e a iniciativa privada\u201d.<\/p>\n<p>A programa\u00e7\u00e3o do evento ter\u00e1 o seguinte cronograma:<\/p>\n<p>15 horas &#8211; Abertura \u2013 palavra da CBIC, dos organizadores e do poder p\u00fablico local;<\/p>\n<p>15h20 &#8211; Palestra \u201cIdeias Criativas e Sustent\u00e1veis que est\u00e3o revolucionando a Vida Urbana em v\u00e1rios pontos do planeta\u201d \u2013 ministrada por Marcela Arruda (arquiteta urbanista) &#8211; coordenadora de Projetos do Instituto A Cidade Precisa de Voc\u00ea e co-idealizadora da Escola Sem Muros, projeto selecionado para a Bienal de Arquitetura de Veneza \u201cFREESPACE\u201d. Palestrante convidada do evento \u201cO Futuro da Minha Cidade\u201d, e que pesquisa desde 2012 iniciativas de regenera\u00e7\u00e3o, constru\u00e7\u00e3o de comunidades e a participa\u00e7\u00e3o dos cidad\u00e3os na transforma\u00e7\u00e3o da cidade;<\/p>\n<p>16 horas &#8211; Palestra \u201cExperi\u00eancia de Parceria entre a Sociedade e Poder P\u00fabico local e potencial transformador para tornar a cidade mais sustent\u00e1vel\u201d \u2013 ministrada por Silvio Barros (engenheiro civil com especializa\u00e7\u00e3o em Engenharia Sanit\u00e1ria e Ambiental). Ele come\u00e7ou suas atividades profissionais no Amazonas, como chefe do N\u00facleo de Prote\u00e7\u00e3o ao Meio Ambiente. Foi Prefeito de Maring\u00e1 por duas gest\u00f5es: 2004 e 2008. Foi tr\u00eas vezes eleito pelo Sebrae como Prefeito Empreendedor do Paran\u00e1. Recebeu o Pr\u00eamio Prefeito Inovador do MBC-Intel e Microsoft como Destaque Nacional e foi premiado por iniciativas em diversas \u00e1reas: socioambiental, econ\u00f4mica, responsabilidade e gest\u00e3o, atendimento e aten\u00e7\u00e3o ao cidad\u00e3o. Foi secret\u00e1rio de Planejamento e Coordena\u00e7\u00e3o Geral do Estado do Paran\u00e1 e atualmente \u00e9 Secret\u00e1rio de Desenvolvimento Urbano do referido Estado;<\/p>\n<p>16h50 &#8211; Espa\u00e7o para questionamentos;<\/p>\n<p>17 horas &#8211; Proposta do desafio e composi\u00e7\u00e3o do grupo para assegurar os pr\u00f3ximos passos do projeto.<\/p>\n<p>O evento \u00e9 aberto \u00e0s entidades da sociedade civil organizada e as inscri\u00e7\u00f5es ser\u00e3o exclusivamente pelo site <a href=\"http:\/\/www.ofuturodesantos.com.br\/\">www.ofuturodesantos.com.br<\/a> ou pelo e-mail <a href=\"mailto:ofuturodesantos@gmail.com\">ofuturodesantos@gmail.com<\/a> . Vagas limitadas \u00e0 lota\u00e7\u00e3o do audit\u00f3rio da Associa\u00e7\u00e3o Comercial \u2013 150 lugares.<\/p>\n<p>\u201cO Futuro da Minha Cidade\u201d, edi\u00e7\u00e3o Santos, \u00e9 uma realiza\u00e7\u00e3o da CBIC \u2013 C\u00e2mara Brasileira da Industria da Constru\u00e7\u00e3o; co-realiza\u00e7\u00e3o do SESI Nacional \u2013 Servi\u00e7o Social da Ind\u00fastria; patroc\u00ednio da CAIXA e; parceria da Associa\u00e7\u00e3o Comercial de Santos, da ASSECOB \u2013 Associa\u00e7\u00e3o dos Empres\u00e1rios da Constru\u00e7\u00e3o Civil, do SindusCon-SP e do Secovi-SP.<\/p><\/p>\n","protected":false},"excerpt":{"rendered":"<p>Fonte: Assessoria de imprensa ACS A Associa\u00e7\u00e3o Comercial de Santos, em conjunto com a Assecob, Sinduscon e Secob, receber\u00e1 no dia 6 de dezembro, a partir das 14h30, o projeto \u201cO Futuro da Minha Cidade\u201d, criado com o objetivo de incentivar e fortalecer o protagonismo da sociedade civil organizada para pensar, discutir e atuar diretamente [&hellip;]<\/p>\n","protected":false},"author":1,"featured_media":84844,"comment_status":"open","ping_status":"open","sticky":false,"template":"","format":"standard","meta":{"footnotes":""},"categories":[84],"tags":[],"_links":{"self":[{"href":"https:\/\/acs.org.br\/academy\/wp-json\/wp\/v2\/posts\/84845"}],"collection":[{"href":"https:\/\/acs.org.br\/academy\/wp-json\/wp\/v2\/posts"}],"about":[{"href":"https:\/\/acs.org.br\/academy\/wp-json\/wp\/v2\/types\/post"}],"author":[{"embeddable":true,"href":"https:\/\/acs.org.br\/academy\/wp-json\/wp\/v2\/users\/1"}],"replies":[{"embeddable":true,"href":"https:\/\/acs.org.br\/academy\/wp-json\/wp\/v2\/comments?post=84845"}],"version-history":[{"count":0,"href":"https:\/\/acs.org.br\/academy\/wp-json\/wp\/v2\/posts\/84845\/revisions"}],"wp:featuredmedia":[{"embeddable":true,"href":"https:\/\/acs.org.br\/academy\/wp-json\/wp\/v2\/media\/84844"}],"wp:attachment":[{"href":"https:\/\/acs.org.br\/academy\/wp-json\/wp\/v2\/media?parent=84845"}],"wp:term":[{"taxonomy":"category","embeddable":true,"href":"https:\/\/acs.org.br\/academy\/wp-json\/wp\/v2\/categories?post=84845"},{"taxonomy":"post_tag","embeddable":true,"href":"https:\/\/acs.org.br\/academy\/wp-json\/wp\/v2\/tags?post=84845"}],"curies":[{"name":"wp","href":"https:\/\/api.w.org\/{rel}","templated":true}]}}