{"id":84816,"date":"2018-11-21T18:14:54","date_gmt":"2018-11-21T20:14:54","guid":{"rendered":"http:\/\/127.0.0.1\/acs\/grupo-3-coracoes-vence-na-categoria-ouro-a-premiacao-do-17o-concurso-estadual-de-qualidade-do-cafe-de-sao-paulo-pelo-investimento-de-r-102-mil\/"},"modified":"2018-11-21T18:14:54","modified_gmt":"2018-11-21T20:14:54","slug":"grupo-3-coracoes-vence-na-categoria-ouro-a-premiacao-do-17o-concurso-estadual-de-qualidade-do-cafe-de-sao-paulo-pelo-investimento-de-r-102-mil","status":"publish","type":"post","link":"https:\/\/acs.org.br\/academy\/grupo-3-coracoes-vence-na-categoria-ouro-a-premiacao-do-17o-concurso-estadual-de-qualidade-do-cafe-de-sao-paulo-pelo-investimento-de-r-102-mil\/","title":{"rendered":"Grupo 3 Cora\u00e7\u00f5es vence na categoria Ouro a premia\u00e7\u00e3o do 17\u00ba Concurso Estadual de Qualidade do Caf\u00e9 de S\u00e3o Paulo pelo investimento de R$ 10,2 mil"},"content":{"rendered":"<p style=\"text-align: left;\" align=\"center\"><i>O mesmo grupo venceu tamb\u00e9m na categoria Diamante, que premia quem ofereceu o maior lance por saca de caf\u00e9: R$ 1,9 mil.<\/i><\/p>\n<p>Fonte: Assessoria de imprensa ACS<\/p>\n<p>O Grupo 3 Cora\u00e7\u00f5es foi o vencedor da categoria Ouro na premia\u00e7\u00e3o do 17\u00ba Concurso Estadual de Qualidade do Caf\u00e9 de S\u00e3o Paulo &#8211; Pr\u00eamio Aldir Alves Teixeira, pelo maior investimento na compra dos caf\u00e9s, somando R$ 10,2 mil. O mesmo grupo venceu tamb\u00e9m na categoria Diamante, que premia quem ofereceu o maior lance por saca de caf\u00e9: R$ 1,9 mil. J\u00e1 na categoria Especial, que premia a ind\u00fastria que oferece o maior lance pelo caf\u00e9 na categoria microlote, a vencedora foi a Il Barista Caf\u00e9s Especiais, que investiu R$ 3,6 mil.<\/p>\n<p>O concurso tamb\u00e9m premia o produtor que alcan\u00e7ou a maior nota de qualidade, elaborada pelo grupo de provadores de caf\u00e9. Este ano, a campe\u00e3 foi Lucia Maria da Silva, de S\u00e3o Sebasti\u00e3o da Grama, que recebeu a nota 9,01 por seu lote.<\/p>\n<p>A cerim\u00f4nia foi realizada no Museu do Caf\u00e9 nesta quarta-feira (21) e contou com a presen\u00e7a do diretor-executivo da Associa\u00e7\u00e3o Comercial de Santos, Marcio Calves, uma vez que a ACS \u00e9 uma institui\u00e7\u00e3o parceira do concurso. \u00c9 na institui\u00e7\u00e3o, inclusive, onde ocorre a fase de provas do concurso.<\/p>\n<p>De acordo com o coordenador do concurso, Nathan Herszkowicz, o concurso tem como objetivo estimular a produ\u00e7\u00e3o cont\u00ednua de gr\u00e3os de alta qualidade.<\/p>\n<p>\u201cTamb\u00e9m buscamos aumentar o consumo deles por meio do marketing que o concurso alcan\u00e7a e que, a cada ano, mais produtores conhe\u00e7am o segredo de como produzir caf\u00e9s de boa qualidade\u201d.<\/p>\n<p><b>Edi\u00e7\u00e3o Especial<\/b><\/p>\n<p><b> <\/b><\/p>\n<p>Esses caf\u00e9s adquiridos no leil\u00e3o ser\u00e3o agora cuidadosamente processados pelas ind\u00fastrias e chegar\u00e3o aos supermercados e lojas gourmet em embalagens sofisticadas e identificadas por selos num\u00e9ricos, compondo a 16\u00aa Edi\u00e7\u00e3o Especial dos Melhores Caf\u00e9s de S\u00e3o Paulo.<\/p>\n<p>O concurso, seguido do leil\u00e3o e do lan\u00e7amento da edi\u00e7\u00e3o especial, \u00e9 uma promo\u00e7\u00e3o da C\u00e2mara Setorial de Caf\u00e9 de S\u00e3o Paulo e da CODEAGRO &#8211; Coordenadoria de Agroneg\u00f3cios da Secretaria da Agricultura do Estado, e conta com a parceria do Sindicato das Ind\u00fastrias de Caf\u00e9 de S\u00e3o Paulo, da ABIC &#8211; Associa\u00e7\u00e3o Brasileira da Ind\u00fastria de Caf\u00e9, da ACS &#8211; Associa\u00e7\u00e3o Comercial de Santos e do Museu do Caf\u00e9.<\/p>\n<p align=\"center\">\n<p><img loading=\"lazy\" decoding=\"async\" class=\" size-full wp-image-84813\" src=\"http:\/\/127.0.0.1\/acs\/wp-content\/uploads\/2018\/11\/WEB_2018_NOVEMBRO_CAFE-W_CAFE-057.jpg\" width=\"570\" height=\"430\" srcset=\"https:\/\/acs.org.br\/academy\/wp-content\/uploads\/2018\/11\/WEB_2018_NOVEMBRO_CAFE-W_CAFE-057.jpg 570w, https:\/\/acs.org.br\/academy\/wp-content\/uploads\/2018\/11\/WEB_2018_NOVEMBRO_CAFE-W_CAFE-057-300x226.jpg 300w\" sizes=\"(max-width: 570px) 100vw, 570px\" \/><\/p>\n<p><img loading=\"lazy\" decoding=\"async\" class=\" size-full wp-image-84814\" src=\"http:\/\/127.0.0.1\/acs\/wp-content\/uploads\/2018\/11\/WEB_2018_NOVEMBRO_CAFE-W_CAFE-067.jpg\" width=\"570\" height=\"428\" srcset=\"https:\/\/acs.org.br\/academy\/wp-content\/uploads\/2018\/11\/WEB_2018_NOVEMBRO_CAFE-W_CAFE-067.jpg 570w, https:\/\/acs.org.br\/academy\/wp-content\/uploads\/2018\/11\/WEB_2018_NOVEMBRO_CAFE-W_CAFE-067-300x225.jpg 300w\" sizes=\"(max-width: 570px) 100vw, 570px\" \/><\/p>\n<p><img loading=\"lazy\" decoding=\"async\" class=\" size-full wp-image-84815\" src=\"http:\/\/127.0.0.1\/acs\/wp-content\/uploads\/2018\/11\/WEB_2018_NOVEMBRO_CAFE-W_CAFE-071.jpg\" width=\"570\" height=\"428\" srcset=\"https:\/\/acs.org.br\/academy\/wp-content\/uploads\/2018\/11\/WEB_2018_NOVEMBRO_CAFE-W_CAFE-071.jpg 570w, https:\/\/acs.org.br\/academy\/wp-content\/uploads\/2018\/11\/WEB_2018_NOVEMBRO_CAFE-W_CAFE-071-300x225.jpg 300w\" sizes=\"(max-width: 570px) 100vw, 570px\" \/><\/p>\n","protected":false},"excerpt":{"rendered":"<p>O mesmo grupo venceu tamb\u00e9m na categoria Diamante, que premia quem ofereceu o maior lance por saca de caf\u00e9: R$ 1,9 mil. Fonte: Assessoria de imprensa ACS O Grupo 3 Cora\u00e7\u00f5es foi o vencedor da categoria Ouro na premia\u00e7\u00e3o do 17\u00ba Concurso Estadual de Qualidade do Caf\u00e9 de S\u00e3o Paulo &#8211; Pr\u00eamio Aldir Alves Teixeira, [&hellip;]<\/p>\n","protected":false},"author":1,"featured_media":84812,"comment_status":"open","ping_status":"open","sticky":false,"template":"","format":"standard","meta":{"footnotes":""},"categories":[84],"tags":[],"_links":{"self":[{"href":"https:\/\/acs.org.br\/academy\/wp-json\/wp\/v2\/posts\/84816"}],"collection":[{"href":"https:\/\/acs.org.br\/academy\/wp-json\/wp\/v2\/posts"}],"about":[{"href":"https:\/\/acs.org.br\/academy\/wp-json\/wp\/v2\/types\/post"}],"author":[{"embeddable":true,"href":"https:\/\/acs.org.br\/academy\/wp-json\/wp\/v2\/users\/1"}],"replies":[{"embeddable":true,"href":"https:\/\/acs.org.br\/academy\/wp-json\/wp\/v2\/comments?post=84816"}],"version-history":[{"count":0,"href":"https:\/\/acs.org.br\/academy\/wp-json\/wp\/v2\/posts\/84816\/revisions"}],"wp:featuredmedia":[{"embeddable":true,"href":"https:\/\/acs.org.br\/academy\/wp-json\/wp\/v2\/media\/84812"}],"wp:attachment":[{"href":"https:\/\/acs.org.br\/academy\/wp-json\/wp\/v2\/media?parent=84816"}],"wp:term":[{"taxonomy":"category","embeddable":true,"href":"https:\/\/acs.org.br\/academy\/wp-json\/wp\/v2\/categories?post=84816"},{"taxonomy":"post_tag","embeddable":true,"href":"https:\/\/acs.org.br\/academy\/wp-json\/wp\/v2\/tags?post=84816"}],"curies":[{"name":"wp","href":"https:\/\/api.w.org\/{rel}","templated":true}]}}