{"id":84667,"date":"2018-11-05T01:00:00","date_gmt":"2018-11-05T03:00:00","guid":{"rendered":"http:\/\/127.0.0.1\/acs\/condepasa-2\/"},"modified":"2018-11-05T01:00:00","modified_gmt":"2018-11-05T03:00:00","slug":"condepasa-2","status":"publish","type":"post","link":"https:\/\/acs.org.br\/academy\/condepasa-2\/","title":{"rendered":"Reuni\u00e3o na Associa\u00e7\u00e3o Comercial de Santos &#8211; Condepasa debate altera\u00e7\u00f5es propostas pela Prefeitura de Santos sobre a lei 470, que trata do Alegra Centro"},"content":{"rendered":"<p style=\"text-align: left;\" align=\"center\">Fonte: Assessoria de imprensa ACS<\/p>\n<p>Integrantes do Conselho de Defesa do Patrim\u00f4nio Cultural de Santos \u2013 Condepasa \u2013 se reuniram nesta segunda-feira (5) na Associa\u00e7\u00e3o Comercial de Santos, entidade que integra o \u00f3rg\u00e3o municipal, para debater as altera\u00e7\u00f5es propostas pela Prefeitura de Santos sobre a lei 470, que trata do Alegra Centro.<\/p>\n<p>No in\u00edcio da reuni\u00e3o, foi apresentado um material aos conselheiros, preparado por membros da Secretaria de Desenvolvimento Social da Prefeitura de Santos, para ilustrar solu\u00e7\u00f5es que foram tomadas em outras cidades do Brasil e do mundo, em rela\u00e7\u00e3o ao que est\u00e1 sendo proposto pelo executivo santista.<\/p>\n<p>Nos slides, foram apresentados os exemplo que podem ser usados em uma proposta final do texto legal, com contribui\u00e7\u00f5es e situa\u00e7\u00f5es que ocorrem em cidades hist\u00f3ricas, como Paraty (RJ), Mil\u00e3o, Lisboa e Londres.<\/p>\n<p>De acordo com o presidente do Condepasa, Marcio Borchia Nacif, \u00e9 produtivo que a Prefeitura chame o Conselho para que ele tenha ci\u00eancia do que pretende ser feito pelo executivo em rela\u00e7\u00e3o ao patrim\u00f4nio hist\u00f3rico da Cidade.<\/p>\n<p>\u201cAp\u00f3s a apresenta\u00e7\u00e3o, pudemos observar outros tratamentos que s\u00e3o dados em outras cidades e as solu\u00e7\u00f5es encontradas. \u00c9 importante sabermos qual o produto final do que est\u00e1 sendo proposto. Ent\u00e3o, tomamos ci\u00eancia e houve uma discuss\u00e3o com sugest\u00f5es e interven\u00e7\u00f5es para serem ponderadas com a Secretaria, que far\u00e1 um texto final para ser aprovado depois pela C\u00e2mara de Vereadores ou em audi\u00eancia p\u00fablica, n\u00e3o sabemos qual tramite ir\u00e1 seguir\u201d.<\/p>\n<p>Entre as altera\u00e7\u00f5es propostas pela Prefeitura est\u00e3o: coloca\u00e7\u00e3o ou n\u00e3o de toldos em patrim\u00f4nio hist\u00f3rico; limita\u00e7\u00e3o de \u00e1reas de propagandas; cores que podem ser utilizadas; flexibiliza\u00e7\u00e3o de telhados com a coloca\u00e7\u00e3o de pain\u00e9is ou claraboias ou instala\u00e7\u00e3o de muros verdes.<\/p>\n<\/p>\n<p><img loading=\"lazy\" decoding=\"async\" class=\" size-full wp-image-84660\" src=\"http:\/\/127.0.0.1\/acs\/wp-content\/uploads\/2018\/11\/WEB_2018_NOVEMBRO_CONDEPASA-W_CONDEPASA_0005.jpg\" width=\"570\" height=\"432\" srcset=\"https:\/\/acs.org.br\/academy\/wp-content\/uploads\/2018\/11\/WEB_2018_NOVEMBRO_CONDEPASA-W_CONDEPASA_0005.jpg 570w, https:\/\/acs.org.br\/academy\/wp-content\/uploads\/2018\/11\/WEB_2018_NOVEMBRO_CONDEPASA-W_CONDEPASA_0005-300x227.jpg 300w\" sizes=\"(max-width: 570px) 100vw, 570px\" \/><\/p>\n<p><img loading=\"lazy\" decoding=\"async\" class=\" size-full wp-image-84661\" src=\"http:\/\/127.0.0.1\/acs\/wp-content\/uploads\/2018\/11\/WEB_2018_NOVEMBRO_CONDEPASA-W_CONDEPASA_0011.jpg\" width=\"570\" height=\"398\" srcset=\"https:\/\/acs.org.br\/academy\/wp-content\/uploads\/2018\/11\/WEB_2018_NOVEMBRO_CONDEPASA-W_CONDEPASA_0011.jpg 570w, https:\/\/acs.org.br\/academy\/wp-content\/uploads\/2018\/11\/WEB_2018_NOVEMBRO_CONDEPASA-W_CONDEPASA_0011-300x209.jpg 300w\" sizes=\"(max-width: 570px) 100vw, 570px\" \/><\/p>\n<p><img loading=\"lazy\" decoding=\"async\" class=\" size-full wp-image-84662\" src=\"http:\/\/127.0.0.1\/acs\/wp-content\/uploads\/2018\/11\/WEB_2018_NOVEMBRO_CONDEPASA-W_CONDEPASA_0014.jpg\" width=\"570\" height=\"436\" srcset=\"https:\/\/acs.org.br\/academy\/wp-content\/uploads\/2018\/11\/WEB_2018_NOVEMBRO_CONDEPASA-W_CONDEPASA_0014.jpg 570w, https:\/\/acs.org.br\/academy\/wp-content\/uploads\/2018\/11\/WEB_2018_NOVEMBRO_CONDEPASA-W_CONDEPASA_0014-300x229.jpg 300w\" sizes=\"(max-width: 570px) 100vw, 570px\" \/><\/p>\n<p><img loading=\"lazy\" decoding=\"async\" class=\" size-full wp-image-84663\" src=\"http:\/\/127.0.0.1\/acs\/wp-content\/uploads\/2018\/11\/WEB_2018_NOVEMBRO_CONDEPASA-W_CONDEPASA_0015.jpg\" width=\"570\" height=\"428\" srcset=\"https:\/\/acs.org.br\/academy\/wp-content\/uploads\/2018\/11\/WEB_2018_NOVEMBRO_CONDEPASA-W_CONDEPASA_0015.jpg 570w, https:\/\/acs.org.br\/academy\/wp-content\/uploads\/2018\/11\/WEB_2018_NOVEMBRO_CONDEPASA-W_CONDEPASA_0015-300x225.jpg 300w\" sizes=\"(max-width: 570px) 100vw, 570px\" \/><\/p>\n<p><img loading=\"lazy\" decoding=\"async\" class=\" size-full wp-image-84664\" src=\"http:\/\/127.0.0.1\/acs\/wp-content\/uploads\/2018\/11\/WEB_2018_NOVEMBRO_CONDEPASA-W_CONDEPASA_0017.jpg\" width=\"570\" height=\"428\" srcset=\"https:\/\/acs.org.br\/academy\/wp-content\/uploads\/2018\/11\/WEB_2018_NOVEMBRO_CONDEPASA-W_CONDEPASA_0017.jpg 570w, https:\/\/acs.org.br\/academy\/wp-content\/uploads\/2018\/11\/WEB_2018_NOVEMBRO_CONDEPASA-W_CONDEPASA_0017-300x225.jpg 300w\" sizes=\"(max-width: 570px) 100vw, 570px\" \/><\/p>\n<p><img loading=\"lazy\" decoding=\"async\" class=\" size-full wp-image-84665\" src=\"http:\/\/127.0.0.1\/acs\/wp-content\/uploads\/2018\/11\/WEB_2018_NOVEMBRO_CONDEPASA-W_CONDEPASA_0019.jpg\" width=\"570\" height=\"423\" srcset=\"https:\/\/acs.org.br\/academy\/wp-content\/uploads\/2018\/11\/WEB_2018_NOVEMBRO_CONDEPASA-W_CONDEPASA_0019.jpg 570w, https:\/\/acs.org.br\/academy\/wp-content\/uploads\/2018\/11\/WEB_2018_NOVEMBRO_CONDEPASA-W_CONDEPASA_0019-300x223.jpg 300w\" sizes=\"(max-width: 570px) 100vw, 570px\" \/><\/p>\n<p><img loading=\"lazy\" decoding=\"async\" class=\" size-full wp-image-84666\" src=\"http:\/\/127.0.0.1\/acs\/wp-content\/uploads\/2018\/11\/WEB_2018_NOVEMBRO_CONDEPASA-W_CONDEPASA_0035.jpg\" width=\"570\" height=\"428\" srcset=\"https:\/\/acs.org.br\/academy\/wp-content\/uploads\/2018\/11\/WEB_2018_NOVEMBRO_CONDEPASA-W_CONDEPASA_0035.jpg 570w, https:\/\/acs.org.br\/academy\/wp-content\/uploads\/2018\/11\/WEB_2018_NOVEMBRO_CONDEPASA-W_CONDEPASA_0035-300x225.jpg 300w\" sizes=\"(max-width: 570px) 100vw, 570px\" \/><\/p>\n","protected":false},"excerpt":{"rendered":"<p>Fonte: Assessoria de imprensa ACS Integrantes do Conselho de Defesa do Patrim\u00f4nio Cultural de Santos \u2013 Condepasa \u2013 se reuniram nesta segunda-feira (5) na Associa\u00e7\u00e3o Comercial de Santos, entidade que integra o \u00f3rg\u00e3o municipal, para debater as altera\u00e7\u00f5es propostas pela Prefeitura de Santos sobre a lei 470, que trata do Alegra Centro. No in\u00edcio da [&hellip;]<\/p>\n","protected":false},"author":1,"featured_media":84659,"comment_status":"open","ping_status":"open","sticky":false,"template":"","format":"standard","meta":{"footnotes":""},"categories":[84],"tags":[],"_links":{"self":[{"href":"https:\/\/acs.org.br\/academy\/wp-json\/wp\/v2\/posts\/84667"}],"collection":[{"href":"https:\/\/acs.org.br\/academy\/wp-json\/wp\/v2\/posts"}],"about":[{"href":"https:\/\/acs.org.br\/academy\/wp-json\/wp\/v2\/types\/post"}],"author":[{"embeddable":true,"href":"https:\/\/acs.org.br\/academy\/wp-json\/wp\/v2\/users\/1"}],"replies":[{"embeddable":true,"href":"https:\/\/acs.org.br\/academy\/wp-json\/wp\/v2\/comments?post=84667"}],"version-history":[{"count":0,"href":"https:\/\/acs.org.br\/academy\/wp-json\/wp\/v2\/posts\/84667\/revisions"}],"wp:featuredmedia":[{"embeddable":true,"href":"https:\/\/acs.org.br\/academy\/wp-json\/wp\/v2\/media\/84659"}],"wp:attachment":[{"href":"https:\/\/acs.org.br\/academy\/wp-json\/wp\/v2\/media?parent=84667"}],"wp:term":[{"taxonomy":"category","embeddable":true,"href":"https:\/\/acs.org.br\/academy\/wp-json\/wp\/v2\/categories?post=84667"},{"taxonomy":"post_tag","embeddable":true,"href":"https:\/\/acs.org.br\/academy\/wp-json\/wp\/v2\/tags?post=84667"}],"curies":[{"name":"wp","href":"https:\/\/api.w.org\/{rel}","templated":true}]}}