{"id":84650,"date":"2018-11-05T01:00:00","date_gmt":"2018-11-05T03:00:00","guid":{"rendered":"http:\/\/127.0.0.1\/acs\/comite-de-transparencia\/"},"modified":"2018-11-05T01:00:00","modified_gmt":"2018-11-05T03:00:00","slug":"comite-de-transparencia","status":"publish","type":"post","link":"https:\/\/acs.org.br\/academy\/comite-de-transparencia\/","title":{"rendered":"C\u00e2mara de vereadores vota nesta segunda-feira se Comit\u00ea de Transpar\u00eancia ser\u00e1 transformado em Conselho"},"content":{"rendered":"<p style=\"text-align: left;\" align=\"center\"><i>A expectativa \u00e9 que, com a mudan\u00e7a, o \u00f3rg\u00e3o passe a ser mais pr\u00f3-ativo<\/i><\/p>\n<p align=\"center\"><b><i> <\/i><\/b><\/p>\n<p>Fonte: Assessoria de imprensa ACS<\/p>\n<p>A C\u00e2mara de Vereadores de Santos deve votar, nesta segunda-feira (5), se aprova a mudan\u00e7a do Comit\u00ea Municipal de Transpar\u00eancia Institucional, Fiscaliza\u00e7\u00e3o Administrativa e Controle Social de Santos, grupo do qual a Associa\u00e7\u00e3o Comercial de Santos \u00e9 integrante, para um conselho de transpar\u00eancia. Esse foi o assunto discutido durante reuni\u00e3o realizada hoje, no pr\u00e9dio-sede da ACS. Com a mudan\u00e7a, a expectativa \u00e9 que o \u00f3rg\u00e3o passe a ser mais pr\u00f3-ativo.<\/p>\n<p>Estiveram presentes no encontro representantes da administra\u00e7\u00e3o municipal, da Associa\u00e7\u00e3o dos Contabilistas de Santos, Ordem dos Advogados do Brasil (OAB) e tamb\u00e9m o diretor-executivo da ACS, Marcio Calves, representando a institui\u00e7\u00e3o.<\/p>\n<p>O presidente do Comit\u00ea, o promotor de justi\u00e7a aposentado Oct\u00e1vio Borba de Vasconcellos Filho, explicou que o pedido para essa altera\u00e7\u00e3o surgiu porque os membros do Comit\u00ea sentiram a necessidade de atuar com mais efic\u00e1cia, para fortalecer esse comit\u00ea.<\/p>\n<p>\u201cT\u00e3o logo haja essa segunda vota\u00e7\u00e3o pela C\u00e2mara, que aguardamos que seja favor\u00e1vel, o projeto ir\u00e1 para a san\u00e7\u00e3o do prefeito, para que se torne um conselho com mais for\u00e7a de fiscaliza\u00e7\u00e3o. A altera\u00e7\u00e3o ir\u00e1 refor\u00e7ar nossa fun\u00e7\u00e3o de orientar os mun\u00edcipes a sanar, nos meios de comunica\u00e7\u00e3o da Prefeitura, suas d\u00favidas e tamb\u00e9m de fornecer essas ferramentas \u00e0 administra\u00e7\u00e3o municipal, para que ela se torne cada vez mais transparente\u201d.<\/p>\n<p>Atualmente o Comit\u00ea tem participa\u00e7\u00e3o importante, mas com limita\u00e7\u00f5es. Com a mudan\u00e7a, ser\u00e1 permitido que mais entidades participem e fiscalizem a atua\u00e7\u00e3o do Conselho.<\/p>\n<p><b> <\/b><\/p>\n<p><b> <\/b><\/p>\n<p>Segundo o secret\u00e1rio do Comit\u00ea, Mariano Braz Gon\u00e7alves Junior, caso aprovado pela C\u00e2mara de Vereadores, o projeto vai para san\u00e7\u00e3o do prefeito, e ap\u00f3s ele receber, ter\u00e1 15 dias para aprovar. \u201cDepois, j\u00e1 faz a nomea\u00e7\u00e3o dos conselheiros indicados pela sociedade e pelo \u00f3rg\u00e3o p\u00fablico. \u00c9 importante a mudan\u00e7a, porque como conselho ele ter\u00e1 mais liberdade de a\u00e7\u00e3o, uma vez que o comit\u00ea \u00e9 fechado como decreto e qualquer prefeito pode derrubar. J\u00e1 o conselho, para ser derrubado, tem que passar pela C\u00e2mara\u201d.<\/p>\n<p><b>Sobre o comit\u00ea<\/b><\/p>\n<p>Em junho de 2016 foi institu\u00eddo o Comit\u00ea Municipal de Transpar\u00eancia Institucional, Fiscaliza\u00e7\u00e3o Administrativa e Controle Social de Santos, por meio do decreto n\u00ba 7.474, que criou o grupo de assessoramento, e da portaria n\u00ba 93, que nomeou os seus membros.<\/p>\n<p>Entre as atribui\u00e7\u00f5es do comit\u00ea est\u00e3o: opinar sobre as diretrizes de fiscaliza\u00e7\u00e3o do Poder Executivo e contribuir para formula\u00e7\u00e3o das pol\u00edticas de transpar\u00eancia e de fomento ao controle social, bem como de preven\u00e7\u00e3o e combate \u00e0 corrup\u00e7\u00e3o; monitorar a execu\u00e7\u00e3o de metas relativas \u00e0 transpar\u00eancia institucional, \u00e0 fiscaliza\u00e7\u00e3o administrativa e ao controle social no programa de Participa\u00e7\u00e3o Direta nos Resultados (PDR), propondo indicadores de avalia\u00e7\u00e3o; monitorar as delibera\u00e7\u00f5es da Confer\u00eancia Nacional de Transpar\u00eancia e Controle Social (Consocial); zelar pelo acesso dos cidad\u00e3os a dados e informa\u00e7\u00f5es de interesse p\u00fablico, informando \u00e0s autoridades respons\u00e1veis sobre eventual descumprimento desse direito; e propor articula\u00e7\u00f5es com os conselhos de pol\u00edticas p\u00fablicas e outros espa\u00e7os de participa\u00e7\u00e3o e controle social.<\/p>\n<\/p>\n<p><img loading=\"lazy\" decoding=\"async\" class=\" size-full wp-image-84645\" src=\"http:\/\/127.0.0.1\/acs\/wp-content\/uploads\/2018\/11\/WEB_2018_NOVEMBRO_COMITE-W_COMITE_0003.jpg\" width=\"570\" height=\"415\" srcset=\"https:\/\/acs.org.br\/academy\/wp-content\/uploads\/2018\/11\/WEB_2018_NOVEMBRO_COMITE-W_COMITE_0003.jpg 570w, https:\/\/acs.org.br\/academy\/wp-content\/uploads\/2018\/11\/WEB_2018_NOVEMBRO_COMITE-W_COMITE_0003-300x218.jpg 300w\" sizes=\"(max-width: 570px) 100vw, 570px\" \/><\/p>\n<p><img loading=\"lazy\" decoding=\"async\" class=\" size-full wp-image-84646\" src=\"http:\/\/127.0.0.1\/acs\/wp-content\/uploads\/2018\/11\/WEB_2018_NOVEMBRO_COMITE-W_COMITE_0024.jpg\" width=\"570\" height=\"396\" srcset=\"https:\/\/acs.org.br\/academy\/wp-content\/uploads\/2018\/11\/WEB_2018_NOVEMBRO_COMITE-W_COMITE_0024.jpg 570w, https:\/\/acs.org.br\/academy\/wp-content\/uploads\/2018\/11\/WEB_2018_NOVEMBRO_COMITE-W_COMITE_0024-300x208.jpg 300w\" sizes=\"(max-width: 570px) 100vw, 570px\" \/><\/p>\n<p><img loading=\"lazy\" decoding=\"async\" class=\" size-full wp-image-84647\" src=\"http:\/\/127.0.0.1\/acs\/wp-content\/uploads\/2018\/11\/WEB_2018_NOVEMBRO_COMITE-W_COMITE_0026.jpg\" width=\"570\" height=\"392\" srcset=\"https:\/\/acs.org.br\/academy\/wp-content\/uploads\/2018\/11\/WEB_2018_NOVEMBRO_COMITE-W_COMITE_0026.jpg 570w, https:\/\/acs.org.br\/academy\/wp-content\/uploads\/2018\/11\/WEB_2018_NOVEMBRO_COMITE-W_COMITE_0026-300x206.jpg 300w\" sizes=\"(max-width: 570px) 100vw, 570px\" \/><\/p>\n<p><img loading=\"lazy\" decoding=\"async\" class=\" size-full wp-image-84648\" src=\"http:\/\/127.0.0.1\/acs\/wp-content\/uploads\/2018\/11\/WEB_2018_NOVEMBRO_COMITE-W_COMITE_0027.jpg\" width=\"570\" height=\"425\" srcset=\"https:\/\/acs.org.br\/academy\/wp-content\/uploads\/2018\/11\/WEB_2018_NOVEMBRO_COMITE-W_COMITE_0027.jpg 570w, https:\/\/acs.org.br\/academy\/wp-content\/uploads\/2018\/11\/WEB_2018_NOVEMBRO_COMITE-W_COMITE_0027-300x224.jpg 300w\" sizes=\"(max-width: 570px) 100vw, 570px\" \/><\/p>\n<p><img loading=\"lazy\" decoding=\"async\" class=\" size-full wp-image-84649\" src=\"http:\/\/127.0.0.1\/acs\/wp-content\/uploads\/2018\/11\/WEB_2018_NOVEMBRO_COMITE-W_COMITE_0028.jpg\" width=\"570\" height=\"405\" srcset=\"https:\/\/acs.org.br\/academy\/wp-content\/uploads\/2018\/11\/WEB_2018_NOVEMBRO_COMITE-W_COMITE_0028.jpg 570w, https:\/\/acs.org.br\/academy\/wp-content\/uploads\/2018\/11\/WEB_2018_NOVEMBRO_COMITE-W_COMITE_0028-300x213.jpg 300w\" sizes=\"(max-width: 570px) 100vw, 570px\" \/><\/p>\n","protected":false},"excerpt":{"rendered":"<p>A expectativa \u00e9 que, com a mudan\u00e7a, o \u00f3rg\u00e3o passe a ser mais pr\u00f3-ativo Fonte: Assessoria de imprensa ACS A C\u00e2mara de Vereadores de Santos deve votar, nesta segunda-feira (5), se aprova a mudan\u00e7a do Comit\u00ea Municipal de Transpar\u00eancia Institucional, Fiscaliza\u00e7\u00e3o Administrativa e Controle Social de Santos, grupo do qual a Associa\u00e7\u00e3o Comercial de Santos [&hellip;]<\/p>\n","protected":false},"author":1,"featured_media":84644,"comment_status":"open","ping_status":"open","sticky":false,"template":"","format":"standard","meta":{"footnotes":""},"categories":[84],"tags":[],"_links":{"self":[{"href":"https:\/\/acs.org.br\/academy\/wp-json\/wp\/v2\/posts\/84650"}],"collection":[{"href":"https:\/\/acs.org.br\/academy\/wp-json\/wp\/v2\/posts"}],"about":[{"href":"https:\/\/acs.org.br\/academy\/wp-json\/wp\/v2\/types\/post"}],"author":[{"embeddable":true,"href":"https:\/\/acs.org.br\/academy\/wp-json\/wp\/v2\/users\/1"}],"replies":[{"embeddable":true,"href":"https:\/\/acs.org.br\/academy\/wp-json\/wp\/v2\/comments?post=84650"}],"version-history":[{"count":0,"href":"https:\/\/acs.org.br\/academy\/wp-json\/wp\/v2\/posts\/84650\/revisions"}],"wp:featuredmedia":[{"embeddable":true,"href":"https:\/\/acs.org.br\/academy\/wp-json\/wp\/v2\/media\/84644"}],"wp:attachment":[{"href":"https:\/\/acs.org.br\/academy\/wp-json\/wp\/v2\/media?parent=84650"}],"wp:term":[{"taxonomy":"category","embeddable":true,"href":"https:\/\/acs.org.br\/academy\/wp-json\/wp\/v2\/categories?post=84650"},{"taxonomy":"post_tag","embeddable":true,"href":"https:\/\/acs.org.br\/academy\/wp-json\/wp\/v2\/tags?post=84650"}],"curies":[{"name":"wp","href":"https:\/\/api.w.org\/{rel}","templated":true}]}}