{"id":84631,"date":"2018-10-31T00:00:00","date_gmt":"2018-10-31T03:00:00","guid":{"rendered":"http:\/\/127.0.0.1\/acs\/camara-de-agentes-de-carga-da-associacao-comercial-de-santos-apresentara-duvidas-sobre-portal-unico-a-receita-federal-facesp-31-10-2018\/"},"modified":"2018-10-31T00:00:00","modified_gmt":"2018-10-31T03:00:00","slug":"camara-de-agentes-de-carga-da-associacao-comercial-de-santos-apresentara-duvidas-sobre-portal-unico-a-receita-federal-facesp-31-10-2018","status":"publish","type":"post","link":"https:\/\/acs.org.br\/academy\/camara-de-agentes-de-carga-da-associacao-comercial-de-santos-apresentara-duvidas-sobre-portal-unico-a-receita-federal-facesp-31-10-2018\/","title":{"rendered":"C\u00e2mara de Agentes de Carga da Associa\u00e7\u00e3o Comercial de Santos apresentar\u00e1 d\u00favidas sobre Portal \u00danico \u00e0 Receita Federal &#8211; Facesp &#8211; 31\/10\/2018"},"content":{"rendered":"<p>Fonte: Facesp&nbsp;<\/p>\n<p>Integrantes da C\u00e2mara Setorial dos Agentes de Carga da Associa\u00e7\u00e3o Comercial de Santos (ACS) criaram grupos de trabalho para levantar as principais dificuldades encontradas na utiliza\u00e7\u00e3o do Portal \u00danico e apresent\u00e1-las a um representante da Receita Federal, em Bras\u00edlia.<\/p>\n<p><a target=\"_blank\" href=\"http:\/\/127.0.0.1\/acs\/wp-content\/uploads\/2018\/10\/PDF_2018_OUTUBRO_PORTAL-FACESP-31.pdf\" rel=\"noopener\">LEIA MAIS&#8230;<\/a><\/p>\n","protected":false},"excerpt":{"rendered":"<p>Fonte: Facesp&nbsp; Integrantes da C\u00e2mara Setorial dos Agentes de Carga da Associa\u00e7\u00e3o Comercial de Santos (ACS) criaram grupos de trabalho para levantar as principais dificuldades encontradas na utiliza\u00e7\u00e3o do Portal \u00danico e apresent\u00e1-las a um representante da Receita Federal, em Bras\u00edlia. LEIA MAIS&#8230;<\/p>\n","protected":false},"author":1,"featured_media":0,"comment_status":"open","ping_status":"open","sticky":false,"template":"","format":"standard","meta":{"footnotes":""},"categories":[98],"tags":[],"_links":{"self":[{"href":"https:\/\/acs.org.br\/academy\/wp-json\/wp\/v2\/posts\/84631"}],"collection":[{"href":"https:\/\/acs.org.br\/academy\/wp-json\/wp\/v2\/posts"}],"about":[{"href":"https:\/\/acs.org.br\/academy\/wp-json\/wp\/v2\/types\/post"}],"author":[{"embeddable":true,"href":"https:\/\/acs.org.br\/academy\/wp-json\/wp\/v2\/users\/1"}],"replies":[{"embeddable":true,"href":"https:\/\/acs.org.br\/academy\/wp-json\/wp\/v2\/comments?post=84631"}],"version-history":[{"count":0,"href":"https:\/\/acs.org.br\/academy\/wp-json\/wp\/v2\/posts\/84631\/revisions"}],"wp:attachment":[{"href":"https:\/\/acs.org.br\/academy\/wp-json\/wp\/v2\/media?parent=84631"}],"wp:term":[{"taxonomy":"category","embeddable":true,"href":"https:\/\/acs.org.br\/academy\/wp-json\/wp\/v2\/categories?post=84631"},{"taxonomy":"post_tag","embeddable":true,"href":"https:\/\/acs.org.br\/academy\/wp-json\/wp\/v2\/tags?post=84631"}],"curies":[{"name":"wp","href":"https:\/\/api.w.org\/{rel}","templated":true}]}}