{"id":84611,"date":"2018-10-31T00:00:00","date_gmt":"2018-10-31T03:00:00","guid":{"rendered":"http:\/\/127.0.0.1\/acs\/cafe-de-sao-sebastiao-da-grama-conquista-901-pontos-e-fica-em-primeiro-lugar-na-lista-de-finalistas-do-17o-concurso-estadual-de-qualidade-do-cafe-de-sao-paulo-revista-cafeicultura-31-10-2018\/"},"modified":"2018-10-31T00:00:00","modified_gmt":"2018-10-31T03:00:00","slug":"cafe-de-sao-sebastiao-da-grama-conquista-901-pontos-e-fica-em-primeiro-lugar-na-lista-de-finalistas-do-17o-concurso-estadual-de-qualidade-do-cafe-de-sao-paulo-revista-cafeicultura-31-10-2018","status":"publish","type":"post","link":"https:\/\/acs.org.br\/academy\/cafe-de-sao-sebastiao-da-grama-conquista-901-pontos-e-fica-em-primeiro-lugar-na-lista-de-finalistas-do-17o-concurso-estadual-de-qualidade-do-cafe-de-sao-paulo-revista-cafeicultura-31-10-2018\/","title":{"rendered":"Caf\u00e9 de S\u00e3o Sebasti\u00e3o da Grama Conquista 9,01 pontos e fica em primeiro lugar na lista de finalistas do 17\u00ba Concurso Estadual de Qualidade do Caf\u00e9 de S\u00e3o Paulo &#8211; Revista Cafeicultura &#8211; 31\/10\/2018"},"content":{"rendered":"<p>Fonte: Revista Cafeicultura<\/p>\n<p>Um lote de caf\u00e9 do tipo Cereja Descascada, da Fazenda Santa Alina, em S\u00e3o Sebasti\u00e3o da Grama, conquistou a maior pontua\u00e7\u00e3o &#8211; 9,01 pontos \u2013 no 17\u00ba Concurso Estadual de Qualidade do Caf\u00e9 de S\u00e3o Paulo.<\/p>\n<p><a target=\"_blank\" href=\"http:\/\/127.0.0.1\/acs\/wp-content\/uploads\/2018\/10\/PDF_2018_OUTUBRO_CONCURSOCAFE-R.CAFEICULTURA-31.pdf\" rel=\"noopener\">LEIA MAIS&#8230;<\/a><\/p>\n<p>\u00a0<\/p>\n","protected":false},"excerpt":{"rendered":"<p>Fonte: Revista Cafeicultura Um lote de caf\u00e9 do tipo Cereja Descascada, da Fazenda Santa Alina, em S\u00e3o Sebasti\u00e3o da Grama, conquistou a maior pontua\u00e7\u00e3o &#8211; 9,01 pontos \u2013 no 17\u00ba Concurso Estadual de Qualidade do Caf\u00e9 de S\u00e3o Paulo. LEIA MAIS&#8230; \u00a0<\/p>\n","protected":false},"author":1,"featured_media":0,"comment_status":"open","ping_status":"open","sticky":false,"template":"","format":"standard","meta":{"footnotes":""},"categories":[98],"tags":[],"_links":{"self":[{"href":"https:\/\/acs.org.br\/academy\/wp-json\/wp\/v2\/posts\/84611"}],"collection":[{"href":"https:\/\/acs.org.br\/academy\/wp-json\/wp\/v2\/posts"}],"about":[{"href":"https:\/\/acs.org.br\/academy\/wp-json\/wp\/v2\/types\/post"}],"author":[{"embeddable":true,"href":"https:\/\/acs.org.br\/academy\/wp-json\/wp\/v2\/users\/1"}],"replies":[{"embeddable":true,"href":"https:\/\/acs.org.br\/academy\/wp-json\/wp\/v2\/comments?post=84611"}],"version-history":[{"count":0,"href":"https:\/\/acs.org.br\/academy\/wp-json\/wp\/v2\/posts\/84611\/revisions"}],"wp:attachment":[{"href":"https:\/\/acs.org.br\/academy\/wp-json\/wp\/v2\/media?parent=84611"}],"wp:term":[{"taxonomy":"category","embeddable":true,"href":"https:\/\/acs.org.br\/academy\/wp-json\/wp\/v2\/categories?post=84611"},{"taxonomy":"post_tag","embeddable":true,"href":"https:\/\/acs.org.br\/academy\/wp-json\/wp\/v2\/tags?post=84611"}],"curies":[{"name":"wp","href":"https:\/\/api.w.org\/{rel}","templated":true}]}}