{"id":84599,"date":"2018-10-05T00:00:00","date_gmt":"2018-10-05T03:00:00","guid":{"rendered":"http:\/\/127.0.0.1\/acs\/consul-geral-dos-paises-baixos-visita-associacao-comercial-de-santos-e-assiste-a-uma-degustacao-de-cafe-cacb-05-10-2018\/"},"modified":"2018-10-05T00:00:00","modified_gmt":"2018-10-05T03:00:00","slug":"consul-geral-dos-paises-baixos-visita-associacao-comercial-de-santos-e-assiste-a-uma-degustacao-de-cafe-cacb-05-10-2018","status":"publish","type":"post","link":"https:\/\/acs.org.br\/academy\/consul-geral-dos-paises-baixos-visita-associacao-comercial-de-santos-e-assiste-a-uma-degustacao-de-cafe-cacb-05-10-2018\/","title":{"rendered":"C\u00f4nsul geral dos Pa\u00edses Baixos visita Associa\u00e7\u00e3o Comercial de Santos e assiste a uma degusta\u00e7\u00e3o de caf\u00e9 &#8211; CACB &#8211; 05\/10\/2018"},"content":{"rendered":"<p>Fonte: CACB Confedera\u00e7\u00e3o das Associa\u00e7\u00f5es Comerciais do Brasil&nbsp;<\/p>\n<p>A c\u00f4nsul geral dos Pa\u00edses Baixos, Henriette Bersee, acompanhada do respons\u00e1vel pelo setor econ\u00f4mico, Hein Cuppen, e pelo c\u00f4nsul honor\u00e1rio dos Pa\u00edses Baixos em Santos, Andr\u00e9 Lettieri, visitou nesta quinta-feira (4) a Associa\u00e7\u00e3o Comercial de Santos (ACS).<\/p>\n<p><a href=\"http:\/\/127.0.0.1\/acs\/wp-content\/uploads\/2018\/10\/PDF_2018_OUTUBRO_CONSUL-CACB-05.pdf\" target=\"_blank\" rel=\"noopener\">LEIA MAIS&#8230;<\/a><\/p>\n","protected":false},"excerpt":{"rendered":"<p>Fonte: CACB Confedera\u00e7\u00e3o das Associa\u00e7\u00f5es Comerciais do Brasil&nbsp; A c\u00f4nsul geral dos Pa\u00edses Baixos, Henriette Bersee, acompanhada do respons\u00e1vel pelo setor econ\u00f4mico, Hein Cuppen, e pelo c\u00f4nsul honor\u00e1rio dos Pa\u00edses Baixos em Santos, Andr\u00e9 Lettieri, visitou nesta quinta-feira (4) a Associa\u00e7\u00e3o Comercial de Santos (ACS). LEIA MAIS&#8230;<\/p>\n","protected":false},"author":1,"featured_media":0,"comment_status":"open","ping_status":"open","sticky":false,"template":"","format":"standard","meta":{"footnotes":""},"categories":[98],"tags":[],"_links":{"self":[{"href":"https:\/\/acs.org.br\/academy\/wp-json\/wp\/v2\/posts\/84599"}],"collection":[{"href":"https:\/\/acs.org.br\/academy\/wp-json\/wp\/v2\/posts"}],"about":[{"href":"https:\/\/acs.org.br\/academy\/wp-json\/wp\/v2\/types\/post"}],"author":[{"embeddable":true,"href":"https:\/\/acs.org.br\/academy\/wp-json\/wp\/v2\/users\/1"}],"replies":[{"embeddable":true,"href":"https:\/\/acs.org.br\/academy\/wp-json\/wp\/v2\/comments?post=84599"}],"version-history":[{"count":0,"href":"https:\/\/acs.org.br\/academy\/wp-json\/wp\/v2\/posts\/84599\/revisions"}],"wp:attachment":[{"href":"https:\/\/acs.org.br\/academy\/wp-json\/wp\/v2\/media?parent=84599"}],"wp:term":[{"taxonomy":"category","embeddable":true,"href":"https:\/\/acs.org.br\/academy\/wp-json\/wp\/v2\/categories?post=84599"},{"taxonomy":"post_tag","embeddable":true,"href":"https:\/\/acs.org.br\/academy\/wp-json\/wp\/v2\/tags?post=84599"}],"curies":[{"name":"wp","href":"https:\/\/api.w.org\/{rel}","templated":true}]}}