{"id":84595,"date":"2018-10-26T00:00:00","date_gmt":"2018-10-26T03:00:00","guid":{"rendered":"http:\/\/127.0.0.1\/acs\/concurso-de-qualidade-do-cafe-de-sao-paulo-na-proxima-semana-ocorrem-as-provas-de-avaliacao-e-classificacao-revista-cafeicultura-26-10-2018\/"},"modified":"2018-10-26T00:00:00","modified_gmt":"2018-10-26T03:00:00","slug":"concurso-de-qualidade-do-cafe-de-sao-paulo-na-proxima-semana-ocorrem-as-provas-de-avaliacao-e-classificacao-revista-cafeicultura-26-10-2018","status":"publish","type":"post","link":"https:\/\/acs.org.br\/academy\/concurso-de-qualidade-do-cafe-de-sao-paulo-na-proxima-semana-ocorrem-as-provas-de-avaliacao-e-classificacao-revista-cafeicultura-26-10-2018\/","title":{"rendered":"Concurso de Qualidade do Caf\u00e9 de S\u00e3o Paulo: Na pr\u00f3xima semana ocorrem as provas de avalia\u00e7\u00e3o e classifica\u00e7\u00e3o &#8211; Revista Cafeicultura &#8211; 26\/10\/2018"},"content":{"rendered":"<p>Fonte: Revista Cafeicultura&nbsp;<\/p>\n<p>Nos pr\u00f3ximos dias 29 e 30 de outubro, na sala de provas da Associa\u00e7\u00e3o Comercial de Santos, acontecer\u00e1 \u00e0 avalia\u00e7\u00e3o dos lotes finalistas dos certames regionais, que tiveram seus vencedores inscritos no concurso de Qualidade do Caf\u00e9 de S\u00e3o Paulo, pelas cooperativas e associa\u00e7\u00f5es.<\/p>\n<p><a target=\"_blank\" href=\"http:\/\/127.0.0.1\/acs\/wp-content\/uploads\/2018\/10\/PDF_2018_OUTUBRO_CONCURSOCAFE-R.CAFEICULTURA-26.pdf\" rel=\"noopener\">LEIA MAIS&#8230;<\/a><\/p>\n<p>\u00a0<\/p>\n","protected":false},"excerpt":{"rendered":"<p>Fonte: Revista Cafeicultura&nbsp; Nos pr\u00f3ximos dias 29 e 30 de outubro, na sala de provas da Associa\u00e7\u00e3o Comercial de Santos, acontecer\u00e1 \u00e0 avalia\u00e7\u00e3o dos lotes finalistas dos certames regionais, que tiveram seus vencedores inscritos no concurso de Qualidade do Caf\u00e9 de S\u00e3o Paulo, pelas cooperativas e associa\u00e7\u00f5es. LEIA MAIS&#8230; \u00a0<\/p>\n","protected":false},"author":1,"featured_media":0,"comment_status":"open","ping_status":"open","sticky":false,"template":"","format":"standard","meta":{"footnotes":""},"categories":[98],"tags":[],"_links":{"self":[{"href":"https:\/\/acs.org.br\/academy\/wp-json\/wp\/v2\/posts\/84595"}],"collection":[{"href":"https:\/\/acs.org.br\/academy\/wp-json\/wp\/v2\/posts"}],"about":[{"href":"https:\/\/acs.org.br\/academy\/wp-json\/wp\/v2\/types\/post"}],"author":[{"embeddable":true,"href":"https:\/\/acs.org.br\/academy\/wp-json\/wp\/v2\/users\/1"}],"replies":[{"embeddable":true,"href":"https:\/\/acs.org.br\/academy\/wp-json\/wp\/v2\/comments?post=84595"}],"version-history":[{"count":0,"href":"https:\/\/acs.org.br\/academy\/wp-json\/wp\/v2\/posts\/84595\/revisions"}],"wp:attachment":[{"href":"https:\/\/acs.org.br\/academy\/wp-json\/wp\/v2\/media?parent=84595"}],"wp:term":[{"taxonomy":"category","embeddable":true,"href":"https:\/\/acs.org.br\/academy\/wp-json\/wp\/v2\/categories?post=84595"},{"taxonomy":"post_tag","embeddable":true,"href":"https:\/\/acs.org.br\/academy\/wp-json\/wp\/v2\/tags?post=84595"}],"curies":[{"name":"wp","href":"https:\/\/api.w.org\/{rel}","templated":true}]}}