{"id":84584,"date":"2018-10-28T00:00:00","date_gmt":"2018-10-28T03:00:00","guid":{"rendered":"http:\/\/127.0.0.1\/acs\/acs-avalia-cafes-do-concurso-de-qualidade-do-cafe-de-sao-paulo-revista-cafeicultura-28-10-2018\/"},"modified":"2018-10-28T00:00:00","modified_gmt":"2018-10-28T03:00:00","slug":"acs-avalia-cafes-do-concurso-de-qualidade-do-cafe-de-sao-paulo-revista-cafeicultura-28-10-2018","status":"publish","type":"post","link":"https:\/\/acs.org.br\/academy\/acs-avalia-cafes-do-concurso-de-qualidade-do-cafe-de-sao-paulo-revista-cafeicultura-28-10-2018\/","title":{"rendered":"ACS avalia caf\u00e9s do Concurso de Qualidade do Caf\u00e9 de S\u00e3o Paulo &#8211; Revista Cafeicultura &#8211; 28\/10\/2018"},"content":{"rendered":"<p>Fonte: Revista Cafeicultura&nbsp;<\/p>\n<p>Nas pr\u00f3ximas segunda-feira e ter\u00e7a-feira (dias 29 e 30), a sala de provas da Associa\u00e7\u00e3o Comercial de Santos (ACS) receber\u00e1 os respons\u00e1veis pela avalia\u00e7\u00e3o dos lotes finalistas dos certames regionais, que tiveram seus vencedores inscritos no concurso de Qualidade do Caf\u00e9 de S\u00e3o Paulo, pelas cooperativas e associa\u00e7\u00f5es. Na quarta-feira (31) ser\u00e3o divulgados os finalistas.<\/p>\n<p><a href=\"http:\/\/127.0.0.1\/acs\/wp-content\/uploads\/2018\/10\/PDF_2018_OUTUBRO_CONCURSOCAFE-R.CAFEICULTURA-29.pdf\" target=\"_blank\" rel=\"noopener\">LEIA MAIS&#8230;<\/a><\/p>\n","protected":false},"excerpt":{"rendered":"<p>Fonte: Revista Cafeicultura&nbsp; Nas pr\u00f3ximas segunda-feira e ter\u00e7a-feira (dias 29 e 30), a sala de provas da Associa\u00e7\u00e3o Comercial de Santos (ACS) receber\u00e1 os respons\u00e1veis pela avalia\u00e7\u00e3o dos lotes finalistas dos certames regionais, que tiveram seus vencedores inscritos no concurso de Qualidade do Caf\u00e9 de S\u00e3o Paulo, pelas cooperativas e associa\u00e7\u00f5es. Na quarta-feira (31) ser\u00e3o [&hellip;]<\/p>\n","protected":false},"author":1,"featured_media":0,"comment_status":"open","ping_status":"open","sticky":false,"template":"","format":"standard","meta":{"footnotes":""},"categories":[98],"tags":[],"_links":{"self":[{"href":"https:\/\/acs.org.br\/academy\/wp-json\/wp\/v2\/posts\/84584"}],"collection":[{"href":"https:\/\/acs.org.br\/academy\/wp-json\/wp\/v2\/posts"}],"about":[{"href":"https:\/\/acs.org.br\/academy\/wp-json\/wp\/v2\/types\/post"}],"author":[{"embeddable":true,"href":"https:\/\/acs.org.br\/academy\/wp-json\/wp\/v2\/users\/1"}],"replies":[{"embeddable":true,"href":"https:\/\/acs.org.br\/academy\/wp-json\/wp\/v2\/comments?post=84584"}],"version-history":[{"count":0,"href":"https:\/\/acs.org.br\/academy\/wp-json\/wp\/v2\/posts\/84584\/revisions"}],"wp:attachment":[{"href":"https:\/\/acs.org.br\/academy\/wp-json\/wp\/v2\/media?parent=84584"}],"wp:term":[{"taxonomy":"category","embeddable":true,"href":"https:\/\/acs.org.br\/academy\/wp-json\/wp\/v2\/categories?post=84584"},{"taxonomy":"post_tag","embeddable":true,"href":"https:\/\/acs.org.br\/academy\/wp-json\/wp\/v2\/tags?post=84584"}],"curies":[{"name":"wp","href":"https:\/\/api.w.org\/{rel}","templated":true}]}}