{"id":84582,"date":"2018-10-30T00:00:00","date_gmt":"2018-10-30T03:00:00","guid":{"rendered":"http:\/\/127.0.0.1\/acs\/associacao-comercial-de-santos-recebe-primeiro-dia-de-provas-de-avaliacao-e-classificacao-do-concurso-de-qualidade-do-cafe-de-sao-paulo-abic-30-10-2018\/"},"modified":"2018-10-30T00:00:00","modified_gmt":"2018-10-30T03:00:00","slug":"associacao-comercial-de-santos-recebe-primeiro-dia-de-provas-de-avaliacao-e-classificacao-do-concurso-de-qualidade-do-cafe-de-sao-paulo-abic-30-10-2018","status":"publish","type":"post","link":"https:\/\/acs.org.br\/academy\/associacao-comercial-de-santos-recebe-primeiro-dia-de-provas-de-avaliacao-e-classificacao-do-concurso-de-qualidade-do-cafe-de-sao-paulo-abic-30-10-2018\/","title":{"rendered":"Associa\u00e7\u00e3o Comercial de Santos recebe primeiro dia de provas de avalia\u00e7\u00e3o e classifica\u00e7\u00e3o do Concurso de Qualidade do Caf\u00e9 de S\u00e3o Paulo &#8211; ABIC &#8211; 30\/10\/2018"},"content":{"rendered":"<p>Fonte: ABIC&nbsp;<\/p>\n<p>A Associa\u00e7\u00e3o Comercial de Santos (ACS) recebeu, nesta segunda-feira (29), o primeiro dia de provas de avalia\u00e7\u00e3o e classifica\u00e7\u00e3o dos lotes finalistas dos certames regionais, que tiveram seus vencedores inscritos no concurso de Qualidade do Caf\u00e9 de S\u00e3o Paulo, pelas cooperativas e associa\u00e7\u00f5es. A previs\u00e3o \u00e9 que o resultado seja divulgado na quarta-feira (31).<\/p>\n<p><a target=\"_blank\" href=\"http:\/\/127.0.0.1\/acs\/wp-content\/uploads\/2018\/10\/PDF_2018_OUTUBRO_CONCURSOCAFE-ABIC-30.pdf\" rel=\"noopener\">LEIA MAIS&#8230;<\/a><\/p>\n<p>\u00a0<\/p>\n","protected":false},"excerpt":{"rendered":"<p>Fonte: ABIC&nbsp; A Associa\u00e7\u00e3o Comercial de Santos (ACS) recebeu, nesta segunda-feira (29), o primeiro dia de provas de avalia\u00e7\u00e3o e classifica\u00e7\u00e3o dos lotes finalistas dos certames regionais, que tiveram seus vencedores inscritos no concurso de Qualidade do Caf\u00e9 de S\u00e3o Paulo, pelas cooperativas e associa\u00e7\u00f5es. A previs\u00e3o \u00e9 que o resultado seja divulgado na quarta-feira [&hellip;]<\/p>\n","protected":false},"author":1,"featured_media":0,"comment_status":"open","ping_status":"open","sticky":false,"template":"","format":"standard","meta":{"footnotes":""},"categories":[98],"tags":[],"_links":{"self":[{"href":"https:\/\/acs.org.br\/academy\/wp-json\/wp\/v2\/posts\/84582"}],"collection":[{"href":"https:\/\/acs.org.br\/academy\/wp-json\/wp\/v2\/posts"}],"about":[{"href":"https:\/\/acs.org.br\/academy\/wp-json\/wp\/v2\/types\/post"}],"author":[{"embeddable":true,"href":"https:\/\/acs.org.br\/academy\/wp-json\/wp\/v2\/users\/1"}],"replies":[{"embeddable":true,"href":"https:\/\/acs.org.br\/academy\/wp-json\/wp\/v2\/comments?post=84582"}],"version-history":[{"count":0,"href":"https:\/\/acs.org.br\/academy\/wp-json\/wp\/v2\/posts\/84582\/revisions"}],"wp:attachment":[{"href":"https:\/\/acs.org.br\/academy\/wp-json\/wp\/v2\/media?parent=84582"}],"wp:term":[{"taxonomy":"category","embeddable":true,"href":"https:\/\/acs.org.br\/academy\/wp-json\/wp\/v2\/categories?post=84582"},{"taxonomy":"post_tag","embeddable":true,"href":"https:\/\/acs.org.br\/academy\/wp-json\/wp\/v2\/tags?post=84582"}],"curies":[{"name":"wp","href":"https:\/\/api.w.org\/{rel}","templated":true}]}}