{"id":84551,"date":"2018-10-23T00:00:00","date_gmt":"2018-10-23T03:00:00","guid":{"rendered":"http:\/\/127.0.0.1\/acs\/acs-jovem-promove-feira-do-outubro-rosa-2018-dia-2710-na-unisanta-unisanta-23102018\/"},"modified":"2018-10-23T00:00:00","modified_gmt":"2018-10-23T03:00:00","slug":"acs-jovem-promove-feira-do-outubro-rosa-2018-dia-2710-na-unisanta-unisanta-23102018","status":"publish","type":"post","link":"https:\/\/acs.org.br\/academy\/acs-jovem-promove-feira-do-outubro-rosa-2018-dia-2710-na-unisanta-unisanta-23102018\/","title":{"rendered":"ACS Jovem promove Feira do Outubro Rosa 2018, dia 27\/10, na Unisanta &#8211; Unisanta &#8211; 23\/10\/2018"},"content":{"rendered":"<p>Fonte: Unisanta<\/p>\n<p>No M\u00eas Mundial das mobiliza\u00e7\u00f5es pela preven\u00e7\u00e3o e combate ao c\u00e2ncer de mama, a Associa\u00e7\u00e3o Comercial de Santos Jovem (ACS Jovem), por interm\u00e9dio de sua Comiss\u00e3o de Sa\u00fade e Mulher, promove a Feira do Outubro Rosa 2018, no dia 27\/10, na Universidade Santa Cec\u00edlia (Unisanta).<\/p>\n<p><a href=\"http:\/\/127.0.0.1\/acs\/wp-content\/uploads\/2018\/10\/PDF_2018_OUTUBRO_OUTROSA-UNISANTA-23.pdf\" target=\"_blank\" rel=\"noopener\">LEIA MAIS&#8230;<\/a><\/p>\n","protected":false},"excerpt":{"rendered":"<p>Fonte: Unisanta No M\u00eas Mundial das mobiliza\u00e7\u00f5es pela preven\u00e7\u00e3o e combate ao c\u00e2ncer de mama, a Associa\u00e7\u00e3o Comercial de Santos Jovem (ACS Jovem), por interm\u00e9dio de sua Comiss\u00e3o de Sa\u00fade e Mulher, promove a Feira do Outubro Rosa 2018, no dia 27\/10, na Universidade Santa Cec\u00edlia (Unisanta). LEIA MAIS&#8230;<\/p>\n","protected":false},"author":1,"featured_media":0,"comment_status":"open","ping_status":"open","sticky":false,"template":"","format":"standard","meta":{"footnotes":""},"categories":[98],"tags":[],"_links":{"self":[{"href":"https:\/\/acs.org.br\/academy\/wp-json\/wp\/v2\/posts\/84551"}],"collection":[{"href":"https:\/\/acs.org.br\/academy\/wp-json\/wp\/v2\/posts"}],"about":[{"href":"https:\/\/acs.org.br\/academy\/wp-json\/wp\/v2\/types\/post"}],"author":[{"embeddable":true,"href":"https:\/\/acs.org.br\/academy\/wp-json\/wp\/v2\/users\/1"}],"replies":[{"embeddable":true,"href":"https:\/\/acs.org.br\/academy\/wp-json\/wp\/v2\/comments?post=84551"}],"version-history":[{"count":0,"href":"https:\/\/acs.org.br\/academy\/wp-json\/wp\/v2\/posts\/84551\/revisions"}],"wp:attachment":[{"href":"https:\/\/acs.org.br\/academy\/wp-json\/wp\/v2\/media?parent=84551"}],"wp:term":[{"taxonomy":"category","embeddable":true,"href":"https:\/\/acs.org.br\/academy\/wp-json\/wp\/v2\/categories?post=84551"},{"taxonomy":"post_tag","embeddable":true,"href":"https:\/\/acs.org.br\/academy\/wp-json\/wp\/v2\/tags?post=84551"}],"curies":[{"name":"wp","href":"https:\/\/api.w.org\/{rel}","templated":true}]}}