{"id":84549,"date":"2018-10-24T00:00:00","date_gmt":"2018-10-24T03:00:00","guid":{"rendered":"http:\/\/127.0.0.1\/acs\/feira-do-outubro-rosa-acontece-neste-sabado-na-unisanta-santa-portal-24-10-2018\/"},"modified":"2018-10-24T00:00:00","modified_gmt":"2018-10-24T03:00:00","slug":"feira-do-outubro-rosa-acontece-neste-sabado-na-unisanta-santa-portal-24-10-2018","status":"publish","type":"post","link":"https:\/\/acs.org.br\/academy\/feira-do-outubro-rosa-acontece-neste-sabado-na-unisanta-santa-portal-24-10-2018\/","title":{"rendered":"Feira do Outubro Rosa acontece neste s\u00e1bado na Unisanta &#8211; Santa Portal &#8211; 24\/10\/2018"},"content":{"rendered":"<p>Fonte: Santa Portal<\/p>\n<p>OUTUBRO ROSA &#8211; No m\u00eas mundial das mobiliza\u00e7\u00f5es pela preven\u00e7\u00e3o e combate ao c\u00e2ncer de mama, a Associa\u00e7\u00e3o Comercial de Santos Jovem com sua comiss\u00e3o de Sa\u00fade e Mulher promover\u00e1 em Santos, a Feira do Outubro Rosa.<\/p>\n<p><a target=\"_blank\" href=\"http:\/\/127.0.0.1\/acs\/wp-content\/uploads\/2018\/10\/PDF_2018_OUTUBRO_OUTROSA-SANTAPORTAL-24.pdf\" rel=\"noopener\">LEIA MAIS&#8230;<\/a><\/p>\n<p>\u00a0<\/p>\n","protected":false},"excerpt":{"rendered":"<p>Fonte: Santa Portal OUTUBRO ROSA &#8211; No m\u00eas mundial das mobiliza\u00e7\u00f5es pela preven\u00e7\u00e3o e combate ao c\u00e2ncer de mama, a Associa\u00e7\u00e3o Comercial de Santos Jovem com sua comiss\u00e3o de Sa\u00fade e Mulher promover\u00e1 em Santos, a Feira do Outubro Rosa. LEIA MAIS&#8230; \u00a0<\/p>\n","protected":false},"author":1,"featured_media":0,"comment_status":"open","ping_status":"open","sticky":false,"template":"","format":"standard","meta":{"footnotes":""},"categories":[98],"tags":[],"_links":{"self":[{"href":"https:\/\/acs.org.br\/academy\/wp-json\/wp\/v2\/posts\/84549"}],"collection":[{"href":"https:\/\/acs.org.br\/academy\/wp-json\/wp\/v2\/posts"}],"about":[{"href":"https:\/\/acs.org.br\/academy\/wp-json\/wp\/v2\/types\/post"}],"author":[{"embeddable":true,"href":"https:\/\/acs.org.br\/academy\/wp-json\/wp\/v2\/users\/1"}],"replies":[{"embeddable":true,"href":"https:\/\/acs.org.br\/academy\/wp-json\/wp\/v2\/comments?post=84549"}],"version-history":[{"count":0,"href":"https:\/\/acs.org.br\/academy\/wp-json\/wp\/v2\/posts\/84549\/revisions"}],"wp:attachment":[{"href":"https:\/\/acs.org.br\/academy\/wp-json\/wp\/v2\/media?parent=84549"}],"wp:term":[{"taxonomy":"category","embeddable":true,"href":"https:\/\/acs.org.br\/academy\/wp-json\/wp\/v2\/categories?post=84549"},{"taxonomy":"post_tag","embeddable":true,"href":"https:\/\/acs.org.br\/academy\/wp-json\/wp\/v2\/tags?post=84549"}],"curies":[{"name":"wp","href":"https:\/\/api.w.org\/{rel}","templated":true}]}}