{"id":84539,"date":"2018-10-26T17:34:25","date_gmt":"2018-10-26T20:34:25","guid":{"rendered":"http:\/\/127.0.0.1\/acs\/associacao-comercial-de-santos-realiza-workshop-para-empresas-apresentarem-seus-planos-de-expansao-no-porto-de-santos\/"},"modified":"2018-10-26T17:34:25","modified_gmt":"2018-10-26T20:34:25","slug":"associacao-comercial-de-santos-realiza-workshop-para-empresas-apresentarem-seus-planos-de-expansao-no-porto-de-santos","status":"publish","type":"post","link":"https:\/\/acs.org.br\/academy\/associacao-comercial-de-santos-realiza-workshop-para-empresas-apresentarem-seus-planos-de-expansao-no-porto-de-santos\/","title":{"rendered":"Associa\u00e7\u00e3o Comercial de Santos realiza workshop para empresas apresentarem seus planos de expans\u00e3o no Porto de Santos"},"content":{"rendered":"<p style=\"text-align: left;\" align=\"center\">Fonte: Assessoria de imprensa ACS<\/p>\n<p>A Associa\u00e7\u00e3o Comercial de Santos (ACS), a Prefeitura Municipal de Santos e a AGEM (Ag\u00eancia Metropolitana da Baixada Santista), juntamente com a Associa\u00e7\u00e3o dos Engenheiros e Arquitetos de Santos e a Funda\u00e7\u00e3o Parque Tecnol\u00f3gico de Santos, realizar\u00e3o, no dia 7 de novembro, \u00e0s 9 horas, a terceira rodada do workshop &#8220;Baixada Santista: Investimentos e Oportunidades&#8221;.<\/p>\n<p>As empresas convidadas ser\u00e3o a Caramuru e Rumo, que ir\u00e3o apresentar seus planos de expans\u00e3o no Porto de Santos.<\/p>\n<p>Para saber mais sobre elas, clique nos nomes a seguir:<\/p>\n<p>&#8211; <a href=\"http:\/\/127.0.0.1\/acs\/wp-content\/uploads\/2018\/10\/PDF_2018_OUTUBRO_CARAMURU.PDF\">Caramuru<\/a><\/p>\n<p>&#8211; <a href=\"http:\/\/127.0.0.1\/acs\/wp-content\/uploads\/2018\/10\/PDF_2018_OUTUBRO_RUMO.PDF\">Rumo<\/a><\/p>\n<p><b>Sobre o projeto<\/b><\/p>\n<p>O projeto &#8220;Baixada Santista: Investimentos e Oportunidades&#8221;, que tem sido agendado mensalmente, tem o objetivo de oferecer oportunidades \u00e0s empresas locais, que desejam investir em curto e m\u00e9dio prazos.<\/p>\n<p>Elas poder\u00e3o apresentar seus projetos e necessidades a poss\u00edveis fornecedores e prestadores de servi\u00e7os da regi\u00e3o, criando um ambiente de neg\u00f3cios para estreitar rela\u00e7\u00f5es comerciais locais.<\/p>\n<p>Nesses encontros, as empresas dever\u00e3o apresentar:<\/p>\n<p>&#8211; Informa\u00e7\u00f5es institucionais;<\/p>\n<p>&#8211; Descri\u00e7\u00e3o do investimento previsto;<\/p>\n<p>&#8211; Cronograma de desenvolvimento e implanta\u00e7\u00e3o do investimento;<\/p>\n<p>&#8211; Descri\u00e7\u00e3o das principais necessidades de m\u00e3o de obra, materiais e servi\u00e7os.<\/p>\n<p>O workshop ser\u00e1 realizado no audit\u00f3rio da ACS, que fica na Rua XV de Novembro, 137, Centro, Santos.<\/p>\n<p>Interessados em assistir \u00e0s apresenta\u00e7\u00f5es das empresas podem fazer a inscri\u00e7\u00e3o pelo e-mail <a href=\"mailto:eventos@acs.org.br\">eventos@acs.org.br<\/a> ou pelo site <a href=\"http:\/\/www.santos.sp.gov.br\/investimentoseoportunidades\" target=\"_blank\" rel=\"noopener\">http:\/\/www.santos.sp.gov.br\/investimentoseoportunidades<\/a>.<\/p>\n<p><b>Aten\u00e7\u00e3o: as vagas s\u00e3o limitadas!<\/b><\/p>\n<p>\u00a0<\/p>\n<p><\/p>\n","protected":false},"excerpt":{"rendered":"<p>Fonte: Assessoria de imprensa ACS A Associa\u00e7\u00e3o Comercial de Santos (ACS), a Prefeitura Municipal de Santos e a AGEM (Ag\u00eancia Metropolitana da Baixada Santista), juntamente com a Associa\u00e7\u00e3o dos Engenheiros e Arquitetos de Santos e a Funda\u00e7\u00e3o Parque Tecnol\u00f3gico de Santos, realizar\u00e3o, no dia 7 de novembro, \u00e0s 9 horas, a terceira rodada do workshop [&hellip;]<\/p>\n","protected":false},"author":1,"featured_media":0,"comment_status":"open","ping_status":"open","sticky":false,"template":"","format":"standard","meta":{"footnotes":""},"categories":[84],"tags":[],"_links":{"self":[{"href":"https:\/\/acs.org.br\/academy\/wp-json\/wp\/v2\/posts\/84539"}],"collection":[{"href":"https:\/\/acs.org.br\/academy\/wp-json\/wp\/v2\/posts"}],"about":[{"href":"https:\/\/acs.org.br\/academy\/wp-json\/wp\/v2\/types\/post"}],"author":[{"embeddable":true,"href":"https:\/\/acs.org.br\/academy\/wp-json\/wp\/v2\/users\/1"}],"replies":[{"embeddable":true,"href":"https:\/\/acs.org.br\/academy\/wp-json\/wp\/v2\/comments?post=84539"}],"version-history":[{"count":0,"href":"https:\/\/acs.org.br\/academy\/wp-json\/wp\/v2\/posts\/84539\/revisions"}],"wp:attachment":[{"href":"https:\/\/acs.org.br\/academy\/wp-json\/wp\/v2\/media?parent=84539"}],"wp:term":[{"taxonomy":"category","embeddable":true,"href":"https:\/\/acs.org.br\/academy\/wp-json\/wp\/v2\/categories?post=84539"},{"taxonomy":"post_tag","embeddable":true,"href":"https:\/\/acs.org.br\/academy\/wp-json\/wp\/v2\/tags?post=84539"}],"curies":[{"name":"wp","href":"https:\/\/api.w.org\/{rel}","templated":true}]}}