{"id":84535,"date":"2018-10-16T00:00:00","date_gmt":"2018-10-16T03:00:00","guid":{"rendered":"http:\/\/127.0.0.1\/acs\/programacao-do-vii-congresso-de-direito-maritimo-portuario-e-aduaneiro-porto-gente-16-10-2018\/"},"modified":"2018-10-16T00:00:00","modified_gmt":"2018-10-16T03:00:00","slug":"programacao-do-vii-congresso-de-direito-maritimo-portuario-e-aduaneiro-porto-gente-16-10-2018","status":"publish","type":"post","link":"https:\/\/acs.org.br\/academy\/programacao-do-vii-congresso-de-direito-maritimo-portuario-e-aduaneiro-porto-gente-16-10-2018\/","title":{"rendered":"Programa\u00e7\u00e3o do VII Congresso de Direito Mar\u00edtimo, Portu\u00e1rio e Aduaneiro &#8211; Porto Gente &#8211; 16\/10\/2018"},"content":{"rendered":"<p>Fonte: Portogente&nbsp;<\/p>\n<p>Acontece nos pr\u00f3ximos dias 18 e 19 de outubro, na capital paulista, o VII Congresso Nacional de Direito Mar\u00edtimo, Portu\u00e1rio e Aduaneiro, organizado pela se\u00e7\u00e3o de S\u00e3o Paulo da Ordem dos Advogados do Brasil (OAB\/SP).<\/p>\n<p><a href=\"http:\/\/127.0.0.1\/acs\/wp-content\/uploads\/2018\/10\/PDF_2018_OUTUBRO_DIREITO-PORTOGENTE-16.pdf\" target=\"_blank\" rel=\"noopener\">LEIA MAIS&#8230;<\/a><\/p>\n","protected":false},"excerpt":{"rendered":"<p>Fonte: Portogente&nbsp; Acontece nos pr\u00f3ximos dias 18 e 19 de outubro, na capital paulista, o VII Congresso Nacional de Direito Mar\u00edtimo, Portu\u00e1rio e Aduaneiro, organizado pela se\u00e7\u00e3o de S\u00e3o Paulo da Ordem dos Advogados do Brasil (OAB\/SP). LEIA MAIS&#8230;<\/p>\n","protected":false},"author":1,"featured_media":0,"comment_status":"open","ping_status":"open","sticky":false,"template":"","format":"standard","meta":{"footnotes":""},"categories":[98],"tags":[],"_links":{"self":[{"href":"https:\/\/acs.org.br\/academy\/wp-json\/wp\/v2\/posts\/84535"}],"collection":[{"href":"https:\/\/acs.org.br\/academy\/wp-json\/wp\/v2\/posts"}],"about":[{"href":"https:\/\/acs.org.br\/academy\/wp-json\/wp\/v2\/types\/post"}],"author":[{"embeddable":true,"href":"https:\/\/acs.org.br\/academy\/wp-json\/wp\/v2\/users\/1"}],"replies":[{"embeddable":true,"href":"https:\/\/acs.org.br\/academy\/wp-json\/wp\/v2\/comments?post=84535"}],"version-history":[{"count":0,"href":"https:\/\/acs.org.br\/academy\/wp-json\/wp\/v2\/posts\/84535\/revisions"}],"wp:attachment":[{"href":"https:\/\/acs.org.br\/academy\/wp-json\/wp\/v2\/media?parent=84535"}],"wp:term":[{"taxonomy":"category","embeddable":true,"href":"https:\/\/acs.org.br\/academy\/wp-json\/wp\/v2\/categories?post=84535"},{"taxonomy":"post_tag","embeddable":true,"href":"https:\/\/acs.org.br\/academy\/wp-json\/wp\/v2\/tags?post=84535"}],"curies":[{"name":"wp","href":"https:\/\/api.w.org\/{rel}","templated":true}]}}