{"id":84525,"date":"2018-10-11T00:00:00","date_gmt":"2018-10-11T03:00:00","guid":{"rendered":"http:\/\/127.0.0.1\/acs\/falta-de-espaco-em-cargueiros-limita-aumento-de-exportacoes-a-tribuna-11-10-2018\/"},"modified":"2018-10-11T00:00:00","modified_gmt":"2018-10-11T03:00:00","slug":"falta-de-espaco-em-cargueiros-limita-aumento-de-exportacoes-a-tribuna-11-10-2018","status":"publish","type":"post","link":"https:\/\/acs.org.br\/academy\/falta-de-espaco-em-cargueiros-limita-aumento-de-exportacoes-a-tribuna-11-10-2018\/","title":{"rendered":"Falta de espa\u00e7o em cargueiros limita aumento de exporta\u00e7\u00f5es &#8211; A Tribuna &#8211; 11\/10\/2018"},"content":{"rendered":"<p>Fonte: A Tribuna&nbsp;<\/p>\n<p>As exporta\u00e7\u00f5es brasileiras de caf\u00e9 cresceram 24% no m\u00eas passado, em rela\u00e7\u00e3o ao mesmo per\u00edodo do ano anterior, com a movimenta\u00e7\u00e3o de 3 milh\u00f5es de sacas de 60 quilos do produto.<\/p>\n<p><a target=\"_blank\" href=\"http:\/\/127.0.0.1\/acs\/wp-content\/uploads\/2018\/10\/PDF_2018_OUTUBRO_CAFE-TRI-11.pdf\" rel=\"noopener\">LEIA MAIS&#8230;<\/a><\/p>\n<p>\u00a0<\/p>\n","protected":false},"excerpt":{"rendered":"<p>Fonte: A Tribuna&nbsp; As exporta\u00e7\u00f5es brasileiras de caf\u00e9 cresceram 24% no m\u00eas passado, em rela\u00e7\u00e3o ao mesmo per\u00edodo do ano anterior, com a movimenta\u00e7\u00e3o de 3 milh\u00f5es de sacas de 60 quilos do produto. LEIA MAIS&#8230; \u00a0<\/p>\n","protected":false},"author":1,"featured_media":0,"comment_status":"open","ping_status":"open","sticky":false,"template":"","format":"standard","meta":{"footnotes":""},"categories":[98],"tags":[],"_links":{"self":[{"href":"https:\/\/acs.org.br\/academy\/wp-json\/wp\/v2\/posts\/84525"}],"collection":[{"href":"https:\/\/acs.org.br\/academy\/wp-json\/wp\/v2\/posts"}],"about":[{"href":"https:\/\/acs.org.br\/academy\/wp-json\/wp\/v2\/types\/post"}],"author":[{"embeddable":true,"href":"https:\/\/acs.org.br\/academy\/wp-json\/wp\/v2\/users\/1"}],"replies":[{"embeddable":true,"href":"https:\/\/acs.org.br\/academy\/wp-json\/wp\/v2\/comments?post=84525"}],"version-history":[{"count":0,"href":"https:\/\/acs.org.br\/academy\/wp-json\/wp\/v2\/posts\/84525\/revisions"}],"wp:attachment":[{"href":"https:\/\/acs.org.br\/academy\/wp-json\/wp\/v2\/media?parent=84525"}],"wp:term":[{"taxonomy":"category","embeddable":true,"href":"https:\/\/acs.org.br\/academy\/wp-json\/wp\/v2\/categories?post=84525"},{"taxonomy":"post_tag","embeddable":true,"href":"https:\/\/acs.org.br\/academy\/wp-json\/wp\/v2\/tags?post=84525"}],"curies":[{"name":"wp","href":"https:\/\/api.w.org\/{rel}","templated":true}]}}