{"id":84523,"date":"2018-10-18T00:00:00","date_gmt":"2018-10-18T03:00:00","guid":{"rendered":"http:\/\/127.0.0.1\/acs\/pre-conferencia-anti-drogas-e-realizada-na-associacao-comercial-de-santos-facesp-18-10-2018\/"},"modified":"2018-10-18T00:00:00","modified_gmt":"2018-10-18T03:00:00","slug":"pre-conferencia-anti-drogas-e-realizada-na-associacao-comercial-de-santos-facesp-18-10-2018","status":"publish","type":"post","link":"https:\/\/acs.org.br\/academy\/pre-conferencia-anti-drogas-e-realizada-na-associacao-comercial-de-santos-facesp-18-10-2018\/","title":{"rendered":"Pr\u00e9-confer\u00eancia anti-drogas \u00e9 realizada na Associa\u00e7\u00e3o Comercial de Santos &#8211; Facesp &#8211; 18\/10\/2018"},"content":{"rendered":"<p>Fonte: Facesp&nbsp;<\/p>\n<p>Uma pr\u00e9-confer\u00eancia para a X Confer\u00eancia Municipal Sobre Drogas 2018, que ser\u00e1 realizada em 24 de novembro e ter\u00e1 como tema \u201c\u00c1lcool e outras drogas da Inf\u00e2ncia \u00e0 Juventude \u2013 uma abordagem intersetorial\u201d, ocorreu na manh\u00e3 desta quinta-feira (18) na Associa\u00e7\u00e3o Comercial de Santos (ACS).<\/p>\n<p><a target=\"_blank\" href=\"http:\/\/127.0.0.1\/acs\/wp-content\/uploads\/2018\/10\/PDF_2018_OUTUBRO_CONFERENCIA-FACESP-18.pdf\" rel=\"noopener\">LEIA MAIS&#8230;<\/a><\/p>\n<p>\u00a0<\/p>\n","protected":false},"excerpt":{"rendered":"<p>Fonte: Facesp&nbsp; Uma pr\u00e9-confer\u00eancia para a X Confer\u00eancia Municipal Sobre Drogas 2018, que ser\u00e1 realizada em 24 de novembro e ter\u00e1 como tema \u201c\u00c1lcool e outras drogas da Inf\u00e2ncia \u00e0 Juventude \u2013 uma abordagem intersetorial\u201d, ocorreu na manh\u00e3 desta quinta-feira (18) na Associa\u00e7\u00e3o Comercial de Santos (ACS). LEIA MAIS&#8230; \u00a0<\/p>\n","protected":false},"author":1,"featured_media":0,"comment_status":"open","ping_status":"open","sticky":false,"template":"","format":"standard","meta":{"footnotes":""},"categories":[98],"tags":[],"_links":{"self":[{"href":"https:\/\/acs.org.br\/academy\/wp-json\/wp\/v2\/posts\/84523"}],"collection":[{"href":"https:\/\/acs.org.br\/academy\/wp-json\/wp\/v2\/posts"}],"about":[{"href":"https:\/\/acs.org.br\/academy\/wp-json\/wp\/v2\/types\/post"}],"author":[{"embeddable":true,"href":"https:\/\/acs.org.br\/academy\/wp-json\/wp\/v2\/users\/1"}],"replies":[{"embeddable":true,"href":"https:\/\/acs.org.br\/academy\/wp-json\/wp\/v2\/comments?post=84523"}],"version-history":[{"count":0,"href":"https:\/\/acs.org.br\/academy\/wp-json\/wp\/v2\/posts\/84523\/revisions"}],"wp:attachment":[{"href":"https:\/\/acs.org.br\/academy\/wp-json\/wp\/v2\/media?parent=84523"}],"wp:term":[{"taxonomy":"category","embeddable":true,"href":"https:\/\/acs.org.br\/academy\/wp-json\/wp\/v2\/categories?post=84523"},{"taxonomy":"post_tag","embeddable":true,"href":"https:\/\/acs.org.br\/academy\/wp-json\/wp\/v2\/tags?post=84523"}],"curies":[{"name":"wp","href":"https:\/\/api.w.org\/{rel}","templated":true}]}}